{"id":203312,"date":"2011-11-07T12:38:04","date_gmt":"2011-11-07T11:38:04","guid":{"rendered":"http:\/\/www.ivg.it\/?p=203312"},"modified":"2011-11-07T17:10:07","modified_gmt":"2011-11-07T16:10:07","slug":"maltempo-frane-e-vie-interrotte-la-mappa-delle-criticita-nel-savonese-mattea-serve-un-milione-di-euro","status":"publish","type":"post","link":"https:\/\/staging.ivg.it\/2011\/11\/maltempo-frane-e-vie-interrotte-la-mappa-delle-criticita-nel-savonese-mattea-serve-un-milione-di-euro\/","title":{"rendered":"Maltempo, frane e vie interrotte: la mappa delle criticit\u00e0 nel Savonese. Mattea: \u201cServe un milione di euro\u201d"},"content":{"rendered":"<p><strong>Ponente<\/strong>. Il Savonese \u00e8 un territorio pieno di ferite, vecchie e nuove, che comportano cure costose. Il maltempo di questi giorni \u00e8 andato a peggiorare la situazione in zone che presentavano gi\u00e0 criticit\u00e0 e ha aperto nuovi fronti di emergenza. <\/p>\n<p>Un milione di euro: questa la cifra necessaria solo per gli interventi di somma urgenza che vengono elencati uno ad uno dall&#8217;assessore provinciale Carla Mattea. Viabilit\u00e0 compromessa sulla provinciale 46, tra Calice Ligure e frazione Eze, a causa di uno smottamento avvenuto ai primi di settembre ma che ora \u00e8 degenerato e potrebbe portare all&#8217;ostruzione dell&#8217;alveo del rio; problemi sulla Sp 27 per Feglino, al km 2, dove un muro di sostegno della strada che corrisponde all&#8217;argine del fiume si \u00e8 inclinato, e anche al km 6 in localit\u00e0 Santuario, dove era gi\u00e0 stato previsto un intervento da 95 mila euro col quale ora si dovr\u00e0 mettere una pezza ad una situazione in via di peggioramento; la provinciale 51, a Murialdo, dove, a causa della frana di sabato, larga una trentina di metri e lunga una settantina, si procede a senso unico alternato: qui si \u00e8 creato un canalone di fango, la Provincia ha provveduto a canalizzare l&#8217;acqua ma \u00e8 necessario un ripristino definitivo del tratto; la provinciale 542, al bivio tra Varazze e frazione Casanova, dove \u00e8 avvenuto lo scalzamento della protezione del muro di sostegno alla strada.<\/p>\n<p>&#8220;Per tutti questi interventi, che sono urgenti, ci vuole almeno un milione di euro &#8211; conferma Mattea &#8211; Dove li prenderemo? L&#8217;unica via \u00e8 sbloccare i fondi Anas. Non vedo alternative per intervenire nell&#8217;immediato&#8221;.   <\/p>\n","protected":false},"excerpt":{"rendered":"<p>Ponente. Il Savonese \u00e8 un territorio pieno di ferite, vecchie e nuove, che comportano cure costose. Il maltempo di questi giorni \u00e8 andato a peggiorare la situazione in zone che presentavano gi\u00e0 criticit\u00e0 e ha aperto nuovi fronti di emergenza. Un milione di euro: questa la cifra necessaria solo per gli interventi di somma urgenza [&hellip;]<\/p>\n","protected":false},"author":13744,"featured_media":0,"comment_status":"open","ping_status":"closed","sticky":false,"template":"","format":"standard","meta":{"footnotes":""},"categories":[34],"tags":[3144,1000,22231,5390,651,85921,85930,2600],"class_list":["post-203312","post","type-post","status-publish","format-standard","hentry","category-cronaca","tag-allerta-meteo","tag-calice","tag-carala-mattea","tag-frane","tag-maltempo","tag-murialdo","tag-orco-feglino","tag-smottamento","post_cat_citta-calice-ligure","post_cat_citta-murialdo","post_cat_citta-orco-feglino"],"amp_validity":null,"amp_enabled":true,"_links":{"self":[{"href":"https:\/\/staging.ivg.it\/ediapi\/wp\/v2\/posts\/203312","targetHints":{"allow":["GET"]}}],"collection":[{"href":"https:\/\/staging.ivg.it\/ediapi\/wp\/v2\/posts"}],"about":[{"href":"https:\/\/staging.ivg.it\/ediapi\/wp\/v2\/types\/post"}],"author":[{"embeddable":true,"href":"https:\/\/staging.ivg.it\/ediapi\/wp\/v2\/users\/13744"}],"replies":[{"embeddable":true,"href":"https:\/\/staging.ivg.it\/ediapi\/wp\/v2\/comments?post=203312"}],"version-history":[{"count":0,"href":"https:\/\/staging.ivg.it\/ediapi\/wp\/v2\/posts\/203312\/revisions"}],"wp:attachment":[{"href":"https:\/\/staging.ivg.it\/ediapi\/wp\/v2\/media?parent=203312"}],"wp:term":[{"taxonomy":"category","embeddable":true,"href":"https:\/\/staging.ivg.it\/ediapi\/wp\/v2\/categories?post=203312"},{"taxonomy":"post_tag","embeddable":true,"href":"https:\/\/staging.ivg.it\/ediapi\/wp\/v2\/tags?post=203312"}],"curies":[{"name":"wp","href":"https:\/\/api.w.org\/{rel}","templated":true}]}}