{"id":203285,"date":"2011-11-07T11:06:38","date_gmt":"2011-11-07T10:06:38","guid":{"rendered":"http:\/\/www.ivg.it\/?p=203285"},"modified":"2011-11-07T17:06:02","modified_gmt":"2011-11-07T16:06:02","slug":"murialdo-piccole-frane-anche-sulle-strade-comunali","status":"publish","type":"post","link":"https:\/\/staging.ivg.it\/2011\/11\/murialdo-piccole-frane-anche-sulle-strade-comunali\/","title":{"rendered":"Murialdo, piccole frane anche sulle strade comunali"},"content":{"rendered":"<p><strong>Murialdo<\/strong>. Maltempo e rischio frane. Un binomio che Murialdo conosce bene, in particolare dal 24 dicembre 2010 quando la provinciale 51 \u00e8 stata spezzata in due in localit\u00e0 Isolagrande  a causa di uno smottamento dovuto alle forti piogge.<\/p>\n<p>I temporali ad intermittenza che hanno interessato la zona anche in questi giorni hanno portato a nuovi disagi. Sulla &#8220;solita&#8221; Sp 51 con una nuova frana lungo il tratto che collega Millesimo a Calizzano, poco prima dell&#8217;abitato di Murialdo. Sassi e detriti che sabato hanno portato alla chiusura dell&#8217;arteria per qualche ora per poi riaprire il percorso ad una sola corsia. Ma, nelle utlime ore, i problemi riguardano anche le strade comunali, in particolare in frazione Costa, Poggi e lungo la via che porta al campo sportivo.<\/p>\n<p>&#8220;Sono zone da monitorare costantemente &#8211; dice il sindaco Bruno Odella &#8211; Stiamo cercando di ripristinare il tutto il pi\u00f9 velocemente possibile ma poi bisogner\u00e0 intervenire in modo pi\u00f9 approfondito per scongiurare altre calamit\u00e0. Intanto il ponte militare che costituisce la via alternativa alla Sp 51 rimane chiuso fino alla fine dell&#8217;allerta meteo prevista per le 18 di oggi&#8221;.<\/p>\n","protected":false},"excerpt":{"rendered":"<p>Murialdo. Maltempo e rischio frane. Un binomio che Murialdo conosce bene, in particolare dal 24 dicembre 2010 quando la provinciale 51 \u00e8 stata spezzata in due in localit\u00e0 Isolagrande a causa di uno smottamento dovuto alle forti piogge. I temporali ad intermittenza che hanno interessato la zona anche in questi giorni hanno portato a nuovi [&hellip;]<\/p>\n","protected":false},"author":2620,"featured_media":0,"comment_status":"open","ping_status":"closed","sticky":false,"template":"","format":"standard","meta":{"footnotes":""},"categories":[34],"tags":[3144,30226,2838,651,85921,2600,31887],"class_list":["post-203285","post","type-post","status-publish","format-standard","hentry","category-cronaca","tag-allerta-meteo","tag-bruno-odella","tag-frana","tag-maltempo","tag-murialdo","tag-smottamento","tag-sp-51","post_cat_citta-murialdo"],"amp_validity":null,"amp_enabled":true,"_links":{"self":[{"href":"https:\/\/staging.ivg.it\/ediapi\/wp\/v2\/posts\/203285","targetHints":{"allow":["GET"]}}],"collection":[{"href":"https:\/\/staging.ivg.it\/ediapi\/wp\/v2\/posts"}],"about":[{"href":"https:\/\/staging.ivg.it\/ediapi\/wp\/v2\/types\/post"}],"author":[{"embeddable":true,"href":"https:\/\/staging.ivg.it\/ediapi\/wp\/v2\/users\/2620"}],"replies":[{"embeddable":true,"href":"https:\/\/staging.ivg.it\/ediapi\/wp\/v2\/comments?post=203285"}],"version-history":[{"count":0,"href":"https:\/\/staging.ivg.it\/ediapi\/wp\/v2\/posts\/203285\/revisions"}],"wp:attachment":[{"href":"https:\/\/staging.ivg.it\/ediapi\/wp\/v2\/media?parent=203285"}],"wp:term":[{"taxonomy":"category","embeddable":true,"href":"https:\/\/staging.ivg.it\/ediapi\/wp\/v2\/categories?post=203285"},{"taxonomy":"post_tag","embeddable":true,"href":"https:\/\/staging.ivg.it\/ediapi\/wp\/v2\/tags?post=203285"}],"curies":[{"name":"wp","href":"https:\/\/api.w.org\/{rel}","templated":true}]}}