{"id":203203,"date":"2011-11-06T16:53:39","date_gmt":"2011-11-06T15:53:39","guid":{"rendered":"http:\/\/www.ivg.it\/?p=203203"},"modified":"2011-11-07T10:41:38","modified_gmt":"2011-11-07T09:41:38","slug":"maltempo-vaccarezza-necessita-di-chiudere-le-scuole-dappertutto","status":"publish","type":"post","link":"https:\/\/staging.ivg.it\/2011\/11\/maltempo-vaccarezza-necessita-di-chiudere-le-scuole-dappertutto\/","title":{"rendered":"Maltempo, Vaccarezza: \u201cNecessit\u00e0 di chiudere le scuole dappertutto\u201d"},"content":{"rendered":"<p><strong>Savona<\/strong>. I primi a ordinare la chiusura delle scuole per la giornata di domani sono stati i sindaci della Valbormida, coordinati da Mauro Righello, per evidente precauzione su un territorio che, pi\u00f9 di altri, \u00e8 esposto ai pericoli di frane e smottamenti. Gi\u00e0 deciso quindi il fermo delle lezioni a Millesimo, Cairo Montenotte, Bardineto, Calizzano, Cengio, Osiglia, Murialdo e Roccavignale. Dalla riunione in Prefettura usciranno poi le indicazioni per uniformare i provvedimenti su tutte le localit\u00e0 provinciali.<\/p>\n<p>&#8220;Domani \u00e8 la giornata in cui potrebbero verificarsi cedimenti franosi, quindi la massima attenzione \u00e8 sin da adesso concentrata su quello che pu\u00f2 accadere per tutta durata dell&#8217;allerta 2, che \u00e8 stata prorogata sino alle 18 di domani &#8211; spiega il presidente provinciale Angelo Vaccarezza &#8211; Per quello che mi riguarda, se avessi potuto, avrei fatto chiudere gli istituti dappertutto da almeno 36 ore. Quindi la polemica alzata dal sindaco di Cairo \u00e8 stucchevole nei modi e nei toni: la Provincia non ha la competenza in questo settore, ma sono i sindaci a dover decidere. La riunione in Prefettura servir\u00e0 appunto a sgomberare il campo dalla confusione&#8221;.<\/p>\n<p>&#8220;Ringrazio il prefetto Sammartino per l&#8217;opera che sta facendo di coordinamento, per la chiusura comune di tutte le scuole &#8211; aggiunge Vaccarezza &#8211; La Provincia si \u00e8 mossa con celerit\u00e0 e anche la viabilit\u00e0 compromessa ieri a Murialdo \u00e8 stata subito ripristinata. Quindi non si capisce che &#8216;autorizzazione&#8217; voglia dalla Provincia di Savona il sindaco Briano&#8230; anche quella per ricandidarsi alle Comunali? Meglio lasciar cadere le polemiche inutili adesso. Anzi, invito a non avviarne altre&#8221;.<\/p>\n<p>&#8220;Piuttosto &#8211; prosegue il titolare di Palazzo Nervi &#8211; il mio pensiero va a tutti gli operatori, soccorritori, cantonieri, volontari, uomini della Protezione civile e della difesa del suolo che sono all&#8217;opera per presidiare e proteggere il territorio&#8221;.<\/p>\n<p>Si prevede dunque, per domani, la chiusura delle scuole di ogni ordine e grado e la sospensione dei mercati settimanali. &#8220;Ci sar\u00e0 cos\u00ec una notevole diminuzione delle persone in circolazione, considerata anche la chiusura di molte attivit\u00e0 commerciali al luned\u00ec, con minori rischi&#8221; conclude Vaccarezza.<\/p>\n","protected":false},"excerpt":{"rendered":"<p>Savona. I primi a ordinare la chiusura delle scuole per la giornata di domani sono stati i sindaci della Valbormida, coordinati da Mauro Righello, per evidente precauzione su un territorio che, pi\u00f9 di altri, \u00e8 esposto ai pericoli di frane e smottamenti. Gi\u00e0 deciso quindi il fermo delle lezioni a Millesimo, Cairo Montenotte, Bardineto, Calizzano, [&hellip;]<\/p>\n","protected":false},"author":13744,"featured_media":0,"comment_status":"open","ping_status":"closed","sticky":false,"template":"","format":"standard","meta":{"footnotes":""},"categories":[31],"tags":[3212,2317,651,652,375,199],"class_list":["post-203203","post","type-post","status-publish","format-standard","hentry","category-politica","tag-allerta","tag-angelo-vaccarezza","tag-maltempo","tag-meteo","tag-provincia","tag-scuola","post_cat_citta-andora","post_cat_citta-millesimo","post_cat_citta-savona"],"amp_validity":null,"amp_enabled":true,"_links":{"self":[{"href":"https:\/\/staging.ivg.it\/ediapi\/wp\/v2\/posts\/203203","targetHints":{"allow":["GET"]}}],"collection":[{"href":"https:\/\/staging.ivg.it\/ediapi\/wp\/v2\/posts"}],"about":[{"href":"https:\/\/staging.ivg.it\/ediapi\/wp\/v2\/types\/post"}],"author":[{"embeddable":true,"href":"https:\/\/staging.ivg.it\/ediapi\/wp\/v2\/users\/13744"}],"replies":[{"embeddable":true,"href":"https:\/\/staging.ivg.it\/ediapi\/wp\/v2\/comments?post=203203"}],"version-history":[{"count":0,"href":"https:\/\/staging.ivg.it\/ediapi\/wp\/v2\/posts\/203203\/revisions"}],"wp:attachment":[{"href":"https:\/\/staging.ivg.it\/ediapi\/wp\/v2\/media?parent=203203"}],"wp:term":[{"taxonomy":"category","embeddable":true,"href":"https:\/\/staging.ivg.it\/ediapi\/wp\/v2\/categories?post=203203"},{"taxonomy":"post_tag","embeddable":true,"href":"https:\/\/staging.ivg.it\/ediapi\/wp\/v2\/tags?post=203203"}],"curies":[{"name":"wp","href":"https:\/\/api.w.org\/{rel}","templated":true}]}}