{"id":203183,"date":"2011-11-06T15:31:01","date_gmt":"2011-11-06T14:31:01","guid":{"rendered":"http:\/\/www.ivg.it\/?p=203183"},"modified":"2011-11-07T10:16:36","modified_gmt":"2011-11-07T09:16:36","slug":"maltempo-e-scuole-il-sindaco-briano-venerdi-ho-deciso-di-testa-mia-ora-pretendo-garanzie-dalla-provincia","status":"publish","type":"post","link":"https:\/\/staging.ivg.it\/2011\/11\/maltempo-e-scuole-il-sindaco-briano-venerdi-ho-deciso-di-testa-mia-ora-pretendo-garanzie-dalla-provincia\/","title":{"rendered":"Maltempo e scuole, il sindaco Briano: \u201cVenerd\u00ec ho deciso di testa mia, ora pretendo garanzie dalla Provincia\u201d"},"content":{"rendered":"<p><strong>Cairo Montenotte<\/strong>. Il sindaco cairese Fulvio Briano controreplica all&#8217;assessore provinciale Carla Mattea sulla chiusura precauzionale delle scuole e relativa competenza. &#8220;Non era mia intenzione aprire alcuna polemica tanto meno giornalistica con l&#8217;assessore Mattea ma, visto che sono stato tirato in ballo, mi preme precisare alcune questioni &#8211; dice Briano &#8211; So benissimo che il sindaco pu\u00f2 disporre la chiusura delle scuole di ogni ordine e grado sul proprio territorio tant&#8217;\u00e8 che venerdi sera ho disposto la chiusura delle scuole superiori di Cairo. Ma la Provincia, oltre ad essere l&#8217;ente di coordinamento territoriale di riferimento, deve garantire ai aindaci la sicurezza delle strade di collegamento tra i vari Comuni su cui viaggiano gli studenti che si recano presso gli istituti superiori che in Valbormida si trovano solo a Cairo e a Carcare&#8221;.  <\/p>\n<p>&#8220;Non posso essere io a sapere se uno studente di Calizzano o di Giusvalla frequentante l&#8217;Istituto Tecnico di Cairo viaggia in sicurezza fino al paese che amministro &#8211; aggiunge Briano &#8211; Venerd\u00ec ho deciso di testa mia, per domani sceglier\u00f2 in base alle garanzie che pretendo mi vengano date dalla Provincia. Capisco che l&#8217;assessore sia nervosa per l&#8217;esame di riparazione a cui il suo presidente sta sottoponendo la giunta ma se verr\u00e0 confermata mi auguro che gli verr\u00e0 richiesto maggior impegno e maggiore disponibilit\u00e0 verso i Comuni della Valbormida&#8221;.<\/p>\n<p>L&#8217;assessore Mattea, in vista del nuovo vertice in Prefettura previsto nel tardo pomeriggio, ha sostenuto la necessit\u00e0 di una decisione univoca sulla chiusura delle scuole per il durare dell&#8217;allerta 2, sino a domani alle 18. &#8220;Occorrono decisioni comuni, in particolare sulle scuole. Gli studenti utilizzano i mezzi e si spostano sull&#8217;intera area provinciale per accedere ai loro istituti&#8221; ha in particolare evidenziato l&#8217;assessore.<\/p>\n","protected":false},"excerpt":{"rendered":"<p>Cairo Montenotte. Il sindaco cairese Fulvio Briano controreplica all&#8217;assessore provinciale Carla Mattea sulla chiusura precauzionale delle scuole e relativa competenza. &#8220;Non era mia intenzione aprire alcuna polemica tanto meno giornalistica con l&#8217;assessore Mattea ma, visto che sono stato tirato in ballo, mi preme precisare alcune questioni &#8211; dice Briano &#8211; So benissimo che il sindaco [&hellip;]<\/p>\n","protected":false},"author":13744,"featured_media":0,"comment_status":"open","ping_status":"closed","sticky":false,"template":"","format":"standard","meta":{"footnotes":""},"categories":[31],"tags":[3212,14350,2771,651,652,375],"class_list":["post-203183","post","type-post","status-publish","format-standard","hentry","category-politica","tag-allerta","tag-carla-mattea","tag-fulvio-briano","tag-maltempo","tag-meteo","tag-provincia","post_cat_citta-cairo-montenotte"],"amp_validity":null,"amp_enabled":true,"_links":{"self":[{"href":"https:\/\/staging.ivg.it\/ediapi\/wp\/v2\/posts\/203183","targetHints":{"allow":["GET"]}}],"collection":[{"href":"https:\/\/staging.ivg.it\/ediapi\/wp\/v2\/posts"}],"about":[{"href":"https:\/\/staging.ivg.it\/ediapi\/wp\/v2\/types\/post"}],"author":[{"embeddable":true,"href":"https:\/\/staging.ivg.it\/ediapi\/wp\/v2\/users\/13744"}],"replies":[{"embeddable":true,"href":"https:\/\/staging.ivg.it\/ediapi\/wp\/v2\/comments?post=203183"}],"version-history":[{"count":0,"href":"https:\/\/staging.ivg.it\/ediapi\/wp\/v2\/posts\/203183\/revisions"}],"wp:attachment":[{"href":"https:\/\/staging.ivg.it\/ediapi\/wp\/v2\/media?parent=203183"}],"wp:term":[{"taxonomy":"category","embeddable":true,"href":"https:\/\/staging.ivg.it\/ediapi\/wp\/v2\/categories?post=203183"},{"taxonomy":"post_tag","embeddable":true,"href":"https:\/\/staging.ivg.it\/ediapi\/wp\/v2\/tags?post=203183"}],"curies":[{"name":"wp","href":"https:\/\/api.w.org\/{rel}","templated":true}]}}