{"id":203179,"date":"2011-11-06T15:19:47","date_gmt":"2011-11-06T14:19:47","guid":{"rendered":"http:\/\/www.ivg.it\/?p=203179"},"modified":"2011-11-07T09:36:15","modified_gmt":"2011-11-07T08:36:15","slug":"albenga-il-sindaco-guarnieri-per-noi-il-vero-allerta-e-da-adesso-sino-a-domani","status":"publish","type":"post","link":"https:\/\/staging.ivg.it\/2011\/11\/albenga-il-sindaco-guarnieri-per-noi-il-vero-allerta-e-da-adesso-sino-a-domani\/","title":{"rendered":"Albenga, il sindaco Guarnieri: \u201cPer noi il vero allerta \u00e8 da adesso sino a domani\u201d"},"content":{"rendered":"<p><strong>Albenga<\/strong>. Rami, tronchi, detriti e scarti anche lungo le spiagge albenganesi con la forte mareggiata che da ieri colpisce la costa ponentina e savonese. Sono le prossime ore, con la proroga dell&#8217;allerta 2 sino alle 18 di domani, quelle che preoccupano maggiormente sul territorio ingauno, che pi\u00f9 volte si \u00e8 mostrato vulnerabile sotto il profilo degli allagamenti. <\/p>\n<p>&#8220;E&#8217; arrivata sinora meno pioggia del previsto &#8211; sottolinea il sindaco Rosy Guarnieri &#8211; Ora anche il mare si \u00e8 fatto meno violento e non ostruisce il deflusso della acque del Centa. Questo ci fa stare pi\u00f9 sereni. Per\u00f2 dobbiamo attendere la fine dell&#8217;allerta, domani, per tirare un sospiro di sollievo. Possiamo solo sperare che non vi siano pi\u00f9 precipitazioni forti&#8221;. <\/p>\n<p>Le paratie nei sottopassi ferroviari di viale Che Guevera sono state consolidate con nuovi blocchi di cemento, ma scariche d&#8217;acqua hanno comunque invaso la litoranea. Alla foce del Centa, invece, i varchi di accesso sono stati chiusi. Ieri un surfista locale \u00e8 stato multato dalla polizia municipale perch\u00e9 si \u00e8 lanciato in mare in condizioni di pericolo.<\/p>\n<p>&#8220;Attendiamo se vi siano concetrazioni di pioggia a monte che comunque siamo pronti ad &#8216;accogliere&#8217; a valle &#8211; conclude il sindaco &#8211; Se vi sar\u00e0 una vera e propria valanga d&#8217;acqua, sar\u00e0 nelle prossime ore. Per quello che riguarda le scuole, non c&#8217;\u00e8 dubbio che riamarranno chiuse perch\u00e9 la vera e propria allerta per noi \u00e8 appunto da adesso sino a domani&#8221;. <\/p>\n","protected":false},"excerpt":{"rendered":"<p>Albenga. Rami, tronchi, detriti e scarti anche lungo le spiagge albenganesi con la forte mareggiata che da ieri colpisce la costa ponentina e savonese. Sono le prossime ore, con la proroga dell&#8217;allerta 2 sino alle 18 di domani, quelle che preoccupano maggiormente sul territorio ingauno, che pi\u00f9 volte si \u00e8 mostrato vulnerabile sotto il profilo [&hellip;]<\/p>\n","protected":false},"author":13744,"featured_media":0,"comment_status":"open","ping_status":"closed","sticky":false,"template":"","format":"standard","meta":{"footnotes":""},"categories":[34],"tags":[85841,3212,5386,652,6607],"class_list":["post-203179","post","type-post","status-publish","format-standard","hentry","category-cronaca","tag-albenga","tag-allerta","tag-alluvione","tag-meteo","tag-rosy-guarnieri","post_cat_citta-albenga"],"amp_validity":null,"amp_enabled":true,"_links":{"self":[{"href":"https:\/\/staging.ivg.it\/ediapi\/wp\/v2\/posts\/203179","targetHints":{"allow":["GET"]}}],"collection":[{"href":"https:\/\/staging.ivg.it\/ediapi\/wp\/v2\/posts"}],"about":[{"href":"https:\/\/staging.ivg.it\/ediapi\/wp\/v2\/types\/post"}],"author":[{"embeddable":true,"href":"https:\/\/staging.ivg.it\/ediapi\/wp\/v2\/users\/13744"}],"replies":[{"embeddable":true,"href":"https:\/\/staging.ivg.it\/ediapi\/wp\/v2\/comments?post=203179"}],"version-history":[{"count":0,"href":"https:\/\/staging.ivg.it\/ediapi\/wp\/v2\/posts\/203179\/revisions"}],"wp:attachment":[{"href":"https:\/\/staging.ivg.it\/ediapi\/wp\/v2\/media?parent=203179"}],"wp:term":[{"taxonomy":"category","embeddable":true,"href":"https:\/\/staging.ivg.it\/ediapi\/wp\/v2\/categories?post=203179"},{"taxonomy":"post_tag","embeddable":true,"href":"https:\/\/staging.ivg.it\/ediapi\/wp\/v2\/tags?post=203179"}],"curies":[{"name":"wp","href":"https:\/\/api.w.org\/{rel}","templated":true}]}}