{"id":202720,"date":"2011-11-04T14:10:46","date_gmt":"2011-11-04T13:10:46","guid":{"rendered":"http:\/\/www.ivg.it\/?p=202720"},"modified":"2011-11-04T18:14:39","modified_gmt":"2011-11-04T17:14:39","slug":"maltempo-poche-piogge-e-nessun-disagio-unita-di-crisi-rimane-attiva-domani-nuovo-vertice","status":"publish","type":"post","link":"https:\/\/staging.ivg.it\/2011\/11\/maltempo-poche-piogge-e-nessun-disagio-unita-di-crisi-rimane-attiva-domani-nuovo-vertice\/","title":{"rendered":"Maltempo, sinora poche piogge. L\u2019assessore Mattea: \u201cAlta attenzione, ma nessun allarmismo\u201d"},"content":{"rendered":"<p><strong>Provincia<\/strong>. Nessun problema di rilievo causato dal maltempo nel Savonese, ma l&#8217;attenzione rimane alta e i nuovi bollettini meteo fanno slittare l&#8217;arrivo della perturbazione nel tardo pomeriggio, come comunicato anche dalla Fondazione Cima. Il Centro di Coordinamento dei soccorsi disposto presso la Prefettura rimane attivo per tutta la giornata odierna e per domani, sempre presso il palazzo del governo, \u00e8 previsto un nuovo vertice. Sino ad ora sono state poche anche le chiamate al centralino dei vigili del fuoco. Dal pomeriggio sono previste anche mareggiate da sud est sulle coste esposte allo scirocco. <\/p>\n<p>\u201cFortunatamente le previsioni sono migliori di quello che ci aspettavamo e speriamo, come auspicio, che la situazione non peggiori e rimanga tale fino alla fine dell\u2019allerta meteo che scadr\u00e0 domenica alle 12 &#8211; osserva l&#8217;assessore provinciale Carla Mattea &#8211; Il quadro \u00e8 sotto controllo e stiamo monitorando il territorio come da coordinamento con la Prefettura. In merito alla viabilit\u00e0, \u00e8 stato allertato tutte il personale che lavora sulle strade e i mezzi a disposizione per essere pronti a fronteggiare le emergenze&#8221;. <\/p>\n<p>L&#8217;assessore precisa: &#8220;I punti su cui ci stiamo maggiormente concentrando sono la SP 51 di Murialdo che attualmente come da ordinanza \u00e8 chiusa al traffico, la Provinciale 57 Stella-Varazze e naturalmente sulle zone gi\u00e0 duramente colpite lo scorso anno dall\u2019alluvione in localit\u00e0 Casanova. Il livello di guardia non viene abbassato, ma bisogna evitare di creare allarmismo tra la popolazione. Domani mattina alle 10 \u00e8 previsto un nuovo incontro per fare il punto della situazione&#8221;.<\/p>\n<p>Carla Mattea interviene anche sulle chiusure di scuole e asili disposte in diversi Comuni, a discrezione dei vari sindaci. &#8220;Su questo provvedimento ci sono stati pareri discordanti &#8211; commenta &#8211; E&#8217; stata una decisione che alcuni sindaci hanno preso in via precauzionale per evitare possibili disagi e confusione in caso di alluvione, nel dover sgomberare strutture e ragazzi. Forse da parte di alcuni c\u2019\u00e8 stato un eccesso di zelo&#8221;.<\/p>\n<p>La situazione del maltempo \u00e8 invece diversa nel Genovese, dove si \u00e8 abbattuto un nubifragio che ha provocato allagamenti e disagi, con strade interrotte e sottopassaggi inagibili. I maggiori problemi per il traffico si sono registrati sulle autrostrade, in particolare sull&#8217;A7 Genova-Milano all&#8217;altezza del casello di Bolzaneto. Treni a rilento. Problemi anche nel Tigullio: la pioggia ha fatto ingrossare il torrente Recco costringendo il Comune a evacuare gli asili. Allagamenti si registrano inoltre a Camogli e a Nervi. <\/p>\n","protected":false},"excerpt":{"rendered":"<p>Provincia. Nessun problema di rilievo causato dal maltempo nel Savonese, ma l&#8217;attenzione rimane alta e i nuovi bollettini meteo fanno slittare l&#8217;arrivo della perturbazione nel tardo pomeriggio, come comunicato anche dalla Fondazione Cima. Il Centro di Coordinamento dei soccorsi disposto presso la Prefettura rimane attivo per tutta la giornata odierna e per domani, sempre presso [&hellip;]<\/p>\n","protected":false},"author":13744,"featured_media":0,"comment_status":"open","ping_status":"closed","sticky":false,"template":"","format":"standard","meta":{"footnotes":""},"categories":[34],"tags":[3212,651,652,755,85850],"class_list":["post-202720","post","type-post","status-publish","format-standard","hentry","category-cronaca","tag-allerta","tag-maltempo","tag-meteo","tag-prefettura","tag-savona","post_cat_citta-andora","post_cat_citta-savona"],"amp_validity":null,"amp_enabled":true,"_links":{"self":[{"href":"https:\/\/staging.ivg.it\/ediapi\/wp\/v2\/posts\/202720","targetHints":{"allow":["GET"]}}],"collection":[{"href":"https:\/\/staging.ivg.it\/ediapi\/wp\/v2\/posts"}],"about":[{"href":"https:\/\/staging.ivg.it\/ediapi\/wp\/v2\/types\/post"}],"author":[{"embeddable":true,"href":"https:\/\/staging.ivg.it\/ediapi\/wp\/v2\/users\/13744"}],"replies":[{"embeddable":true,"href":"https:\/\/staging.ivg.it\/ediapi\/wp\/v2\/comments?post=202720"}],"version-history":[{"count":0,"href":"https:\/\/staging.ivg.it\/ediapi\/wp\/v2\/posts\/202720\/revisions"}],"wp:attachment":[{"href":"https:\/\/staging.ivg.it\/ediapi\/wp\/v2\/media?parent=202720"}],"wp:term":[{"taxonomy":"category","embeddable":true,"href":"https:\/\/staging.ivg.it\/ediapi\/wp\/v2\/categories?post=202720"},{"taxonomy":"post_tag","embeddable":true,"href":"https:\/\/staging.ivg.it\/ediapi\/wp\/v2\/tags?post=202720"}],"curies":[{"name":"wp","href":"https:\/\/api.w.org\/{rel}","templated":true}]}}