{"id":202204,"date":"2011-11-02T15:23:43","date_gmt":"2011-11-02T14:23:43","guid":{"rendered":"http:\/\/www.ivg.it\/?p=202204"},"modified":"2011-11-02T15:23:43","modified_gmt":"2011-11-02T14:23:43","slug":"4-novembre-cerimonia-provinciale-in-piazza-mameli-a-savona","status":"publish","type":"post","link":"https:\/\/staging.ivg.it\/2011\/11\/4-novembre-cerimonia-provinciale-in-piazza-mameli-a-savona\/","title":{"rendered":"4 novembre: cerimonia provinciale in Piazza Mameli a Savona"},"content":{"rendered":"<p><strong>Savona<\/strong>. Prefettura, Provincia e Comune di Savona, con la collaborazione del Comando militare esercito, della Capitaneria di Porto e delle forze dell&#8217;ordine, quest&#8217;anno hanno organizzato le celebrazioni del 4 novembre, Giovanta dell&#8217;Unit\u00e0 nazionale e delle Forze Armate. Per l&#8217;annno in corso l&#8217;evento si colloca nell&#8217;ambito delle manifestazioni per il 150\u00b0 anniversario della proclamazione dell&#8217;Unit\u00e0 d&#8217;Italia e per questo assume un particolare rilivievo.<\/p>\n<p>La celebrazione che coinvolger\u00e0 anche le scolaresche delle scuole elementari e medie nonch\u00e8 gli studenti degli istituti superiori, avr\u00e0 carattere sobrio, in considerazione del particolare momento che si attravesa.<\/p>\n<p>La cerimonia si terr\u00e0 in Piazza Mameli a Savona e avr\u00e0 valenza provinciale: sono stati invitati i sindaci della provincia con i rispettivi gonfaloni, le associazioni combattentistiche e d&#8217;arma e tutte le autorit\u00e0.<\/p>\n<p>Alle 9 un picchetto d&#8217;onore formato dalle forze armate aprir\u00e0 le celebrazioni, seguir\u00e0 l&#8217;alaza bandiera con le note dell&#8217;inno nazionale, quindi il vescovo Lupi bendir\u00e0 la corona d&#8217;alloro che verr\u00e0 deposta presso il monmento ai caduti dal prefetto, dal presidente della provincia e dal sindaco di Savona.<\/p>\n<p>La lettura dei nomi dei caduti della prima guerra mondiale ed i tradizionali 21 rintocchi della campana concluderanno la cerimonia.<\/p>\n","protected":false},"excerpt":{"rendered":"<p>Savona. Prefettura, Provincia e Comune di Savona, con la collaborazione del Comando militare esercito, della Capitaneria di Porto e delle forze dell&#8217;ordine, quest&#8217;anno hanno organizzato le celebrazioni del 4 novembre, Giovanta dell&#8217;Unit\u00e0 nazionale e delle Forze Armate. Per l&#8217;annno in corso l&#8217;evento si colloca nell&#8217;ambito delle manifestazioni per il 150\u00b0 anniversario della proclamazione dell&#8217;Unit\u00e0 d&#8217;Italia [&hellip;]<\/p>\n","protected":false},"author":13744,"featured_media":0,"comment_status":"open","ping_status":"closed","sticky":false,"template":"","format":"standard","meta":{"footnotes":""},"categories":[],"tags":[3449,11475,85850],"class_list":["post-202204","post","type-post","status-publish","format-standard","hentry","tag-4-novembre","tag-piazza-mameli","tag-savona","post_cat_citta-savona"],"amp_validity":null,"amp_enabled":true,"_links":{"self":[{"href":"https:\/\/staging.ivg.it\/ediapi\/wp\/v2\/posts\/202204","targetHints":{"allow":["GET"]}}],"collection":[{"href":"https:\/\/staging.ivg.it\/ediapi\/wp\/v2\/posts"}],"about":[{"href":"https:\/\/staging.ivg.it\/ediapi\/wp\/v2\/types\/post"}],"author":[{"embeddable":true,"href":"https:\/\/staging.ivg.it\/ediapi\/wp\/v2\/users\/13744"}],"replies":[{"embeddable":true,"href":"https:\/\/staging.ivg.it\/ediapi\/wp\/v2\/comments?post=202204"}],"version-history":[{"count":0,"href":"https:\/\/staging.ivg.it\/ediapi\/wp\/v2\/posts\/202204\/revisions"}],"wp:attachment":[{"href":"https:\/\/staging.ivg.it\/ediapi\/wp\/v2\/media?parent=202204"}],"wp:term":[{"taxonomy":"category","embeddable":true,"href":"https:\/\/staging.ivg.it\/ediapi\/wp\/v2\/categories?post=202204"},{"taxonomy":"post_tag","embeddable":true,"href":"https:\/\/staging.ivg.it\/ediapi\/wp\/v2\/tags?post=202204"}],"curies":[{"name":"wp","href":"https:\/\/api.w.org\/{rel}","templated":true}]}}