{"id":202066,"date":"2011-11-02T11:31:14","date_gmt":"2011-11-02T10:31:14","guid":{"rendered":"http:\/\/www.ivg.it\/?p=202066"},"modified":"2011-11-02T11:31:14","modified_gmt":"2011-11-02T10:31:14","slug":"opera-giocosa-appuntamenti-fuori-teatro-per-il-cappello-di-paglia-di-firenze","status":"publish","type":"post","link":"https:\/\/staging.ivg.it\/2011\/11\/opera-giocosa-appuntamenti-fuori-teatro-per-il-cappello-di-paglia-di-firenze\/","title":{"rendered":"Opera Giocosa: appuntamenti fuori teatro per &#8220;Il Cappello di paglia di Firenze&#8221;"},"content":{"rendered":"<p><strong>Savona<\/strong>. Chi dice che l\u2019opera lirica \u00e8 noiosa? E che, gira che ti rigira, si finisce sempre per piangere o per sorbirsi le disgrazie pi\u00f9 catastrofiche? Gioved\u00ec 10 novembre, alle ore 18, presso la libreria Ubik di Savona, l\u2019Opera Giocosa presenta &#8220;Sul cappello\u2026&#8221; piacevole conversazione con il direttore d\u2019orchestra Giovanni Di Stefano e il cast de &#8220;Il Cappello di paglia di Firenze&#8221; sulla frizzante opera di Nino Rota in scena al Teatro Chiabrera sabato 12 e domenica 13 novembre. In programma proiezioni ed estratti  di opera \u201cdal vivo\u201d.<\/p>\n<p>La curiosa avventura dietro le quinte prosegue nel foyer del Teatro Chiabrera, alle ore 21, con &#8220;Tanto di cappello!&#8221;, conferenza illustrativa e dettagliata sull\u2019opera, tenuta dal maestro Di Stefano in collaborazione con l\u2019Associazione Musicale Rossini.<\/p>\n<p>La biglietteria, presso il Teatro Comunale Chiabrera, P.zza Diaz 2, riaprir\u00e0 sabato 5 novembre (fino al 13 novembre)  e avr\u00e0 i seguenti orari: dal lunedi al sabato dalle ore 10 alle ore 12 e dalle ore 16 alle ore 19; sar\u00e0 comunque possibile acquistare il biglietto un\u2019ora prima dello spettacolo e direttamente on line sul sito www.operagiocosa.it.<\/p>\n","protected":false},"excerpt":{"rendered":"<p>Savona. Chi dice che l\u2019opera lirica \u00e8 noiosa? E che, gira che ti rigira, si finisce sempre per piangere o per sorbirsi le disgrazie pi\u00f9 catastrofiche? Gioved\u00ec 10 novembre, alle ore 18, presso la libreria Ubik di Savona, l\u2019Opera Giocosa presenta &#8220;Sul cappello\u2026&#8221; piacevole conversazione con il direttore d\u2019orchestra Giovanni Di Stefano e il cast [&hellip;]<\/p>\n","protected":false},"author":13744,"featured_media":0,"comment_status":"open","ping_status":"closed","sticky":false,"template":"","format":"standard","meta":{"footnotes":""},"categories":[],"tags":[1704,826,2622,2017,85850],"class_list":["post-202066","post","type-post","status-publish","format-standard","hentry","tag-lirica","tag-musica","tag-opera","tag-opera-giocosa","tag-savona","post_cat_citta-savona"],"amp_validity":null,"amp_enabled":true,"_links":{"self":[{"href":"https:\/\/staging.ivg.it\/ediapi\/wp\/v2\/posts\/202066","targetHints":{"allow":["GET"]}}],"collection":[{"href":"https:\/\/staging.ivg.it\/ediapi\/wp\/v2\/posts"}],"about":[{"href":"https:\/\/staging.ivg.it\/ediapi\/wp\/v2\/types\/post"}],"author":[{"embeddable":true,"href":"https:\/\/staging.ivg.it\/ediapi\/wp\/v2\/users\/13744"}],"replies":[{"embeddable":true,"href":"https:\/\/staging.ivg.it\/ediapi\/wp\/v2\/comments?post=202066"}],"version-history":[{"count":0,"href":"https:\/\/staging.ivg.it\/ediapi\/wp\/v2\/posts\/202066\/revisions"}],"wp:attachment":[{"href":"https:\/\/staging.ivg.it\/ediapi\/wp\/v2\/media?parent=202066"}],"wp:term":[{"taxonomy":"category","embeddable":true,"href":"https:\/\/staging.ivg.it\/ediapi\/wp\/v2\/categories?post=202066"},{"taxonomy":"post_tag","embeddable":true,"href":"https:\/\/staging.ivg.it\/ediapi\/wp\/v2\/tags?post=202066"}],"curies":[{"name":"wp","href":"https:\/\/api.w.org\/{rel}","templated":true}]}}