{"id":201875,"date":"2011-10-31T17:44:14","date_gmt":"2011-10-31T16:44:14","guid":{"rendered":"http:\/\/www.ivg.it\/?p=201875"},"modified":"2011-11-02T00:51:49","modified_gmt":"2011-11-01T23:51:49","slug":"aumento-carburante-per-lalluvione-consumatori-solidarieta-si-no-a-prelievi-iniqui","status":"publish","type":"post","link":"https:\/\/staging.ivg.it\/2011\/10\/aumento-carburante-per-lalluvione-consumatori-solidarieta-si-no-a-prelievi-iniqui\/","title":{"rendered":"Aumento carburante per l\u2019alluvione, consumatori: \u201cSolidariet\u00e0 s\u00ec, no a prelievi iniqui\u201d"},"content":{"rendered":"<p><strong>Liguria.<\/strong> La decisione del governo di aumentare l\u2019aliquota d\u2019accisa sui carburanti per far fronte all&#8217;emergenza alluvione non piace alle associazioni dei consumatori, che, pur rimarcando la forte solidariet\u00e0 per le zone alluvionate, giudicano negativamente una misura che colpir\u00e0 i bilanci familiari. Un pi\u00f9 8,90 euro per mille litri, cio\u00e9 0,89 centesimi di euro al litro, a cui va aggiunta l\u2019Iva al 21% su benzine e gasolio usati come carburante. &#8220;Un prelievo che di fatto agir\u00e0 sulla leva fiscale. Le mani nelle tasche degli italiani si potevano mettere diversamente \u2013 sottolinea il presidente Assoutenti Furio Truzzi \u2013, ad esempio attraverso una sorta di tassa di scopo: 1 euro su transazioni turistiche o sui biglietti dei musei, misure che si trasformerebbero in milioni, considerata la vocazione del nostro Paese, e si tradurrebbero in costi decisamente pi\u00f9 sopportabili per gli utenti\u201d.<\/p>\n<p>&#8220;Anche questa volta si va a individuare una soluzione che invece di risolvere il problema, ne crea a catena un altro&#8221;, spiega Antonio Molari, Federconsumatori Liguria e segretario generale Sunia. Secondo Molari, a pagare, infatti, sar\u00e0 in questo caso solo il trasporto privato. &#8220;Questo, sia chiaro, non significa, non volere aiutare le popolazioni colpite &#8211; puntualizza Molari, tra l&#8217;altro di origini spezzine &#8211; anzi facciamo il possibile per costruire un percorso di aiuto in loro favore, ma questa \u00e8 una misura che pone le condizioni per un ulteriore disagio. Certe scelte vanno ponderate bene &#8211; conclude il presidente di Federconsumatori &#8211; altrimenti si crea una pericolosa spirale&#8221;.<\/p>\n","protected":false},"excerpt":{"rendered":"<p>Liguria. La decisione del governo di aumentare l\u2019aliquota d\u2019accisa sui carburanti per far fronte all&#8217;emergenza alluvione non piace alle associazioni dei consumatori, che, pur rimarcando la forte solidariet\u00e0 per le zone alluvionate, giudicano negativamente una misura che colpir\u00e0 i bilanci familiari. Un pi\u00f9 8,90 euro per mille litri, cio\u00e9 0,89 centesimi di euro al litro, [&hellip;]<\/p>\n","protected":false},"author":13744,"featured_media":0,"comment_status":"open","ping_status":"closed","sticky":false,"template":"","format":"standard","meta":{"footnotes":""},"categories":[35],"tags":[36938,5386,10376,1428,784],"class_list":["post-201875","post","type-post","status-publish","format-standard","hentry","category-economia","tag-accisa","tag-alluvione","tag-carburante","tag-consumatori","tag-governo","post_cat_citta-andora"],"amp_validity":null,"amp_enabled":true,"_links":{"self":[{"href":"https:\/\/staging.ivg.it\/ediapi\/wp\/v2\/posts\/201875","targetHints":{"allow":["GET"]}}],"collection":[{"href":"https:\/\/staging.ivg.it\/ediapi\/wp\/v2\/posts"}],"about":[{"href":"https:\/\/staging.ivg.it\/ediapi\/wp\/v2\/types\/post"}],"author":[{"embeddable":true,"href":"https:\/\/staging.ivg.it\/ediapi\/wp\/v2\/users\/13744"}],"replies":[{"embeddable":true,"href":"https:\/\/staging.ivg.it\/ediapi\/wp\/v2\/comments?post=201875"}],"version-history":[{"count":0,"href":"https:\/\/staging.ivg.it\/ediapi\/wp\/v2\/posts\/201875\/revisions"}],"wp:attachment":[{"href":"https:\/\/staging.ivg.it\/ediapi\/wp\/v2\/media?parent=201875"}],"wp:term":[{"taxonomy":"category","embeddable":true,"href":"https:\/\/staging.ivg.it\/ediapi\/wp\/v2\/categories?post=201875"},{"taxonomy":"post_tag","embeddable":true,"href":"https:\/\/staging.ivg.it\/ediapi\/wp\/v2\/tags?post=201875"}],"curies":[{"name":"wp","href":"https:\/\/api.w.org\/{rel}","templated":true}]}}