{"id":201512,"date":"2011-10-29T22:52:49","date_gmt":"2011-10-29T20:52:49","guid":{"rendered":"http:\/\/www.ivg.it\/?p=201512"},"modified":"2011-10-31T08:33:59","modified_gmt":"2011-10-31T07:33:59","slug":"pallanuoto-il-brescia-si-inchina-alla-carisa-savona-biancorossi-al-vertice-della-serie-a1","status":"publish","type":"post","link":"https:\/\/staging.ivg.it\/2011\/10\/pallanuoto-il-brescia-si-inchina-alla-carisa-savona-biancorossi-al-vertice-della-serie-a1\/","title":{"rendered":"Pallanuoto, il Brescia si inchina alla Carisa Savona: biancorossi al vertice della serie A1"},"content":{"rendered":"<p><strong>Savona<\/strong>. Il Brescia presentava a Savona con credenziali non da poco: era reduce da una vittoria sulla Pro Recco, un risultato che negli ultimi anni \u00e8 riuscito a pochi. La Carisa, al contrario, giungeva a questa sfida al vertice dopo una serie di prestazioni altalenanti, alcune positive come quella in Len Euro Cup, e altre, come quelle con Nervi e Camogli, dove non aveva convinto pienamente.<\/p>\n<p>Insomma, oggi non sembrava certo la giornata migliore per affrontare i lombardi dell&#8217;ex Alessandro Bovo. Forse sono stati proprio questi pressuposti a tirar fuori dai ragazzi savonesi una prestazione sopra le righe, al punto da battere il Brescia con 3 reti di scarto. Una vittoria entusiasmante, anche perch\u00e9 porta con s\u00e9 il primato solitario in classifica.<\/p>\n<p>Dopo una breve fase di studio, il primo ad affondare il colpo \u00e8 il Brescia, a segno con Gitto su azione di superiorit\u00e0 quando il tabellone segna meno 5&#8217;59&#8221; alla fine del tempo. Trascorrono poco meno di due minuti e Rizzo va in goal con l&#8217;uomo in pi\u00f9, imitato poco dopo da Angelini per il 2 a 1.<\/p>\n<p>Per 3 minuti e 39 secondi il risultato non cambia pi\u00f9, ossia fino a quando Loncar, nella prima azione della seconda frazione, ristabilisce la parit\u00e0. Tocca ancora ad Angelini, oggi top scorer dell&#8217;incontro, portare avanti la Carisa. A 4&#8217;03&#8221; da met\u00e0 gara pareggia Binchi. Questa situazione di equilibrio sar\u00e0 l&#8217;ultima dell&#8217;incontro. Passano 23&#8243; e Janovic realizza un rigore. Poi, a 2&#8217;01&#8221; dall&#8217;intervallo, Damonte realizza il 5 a 3.<\/p>\n<p>Forte del vantaggio e decisa a mantenerlo, la Carisa alza la concentrazione in difesa e Volarevic resiste ben 8 minuti e 48 secondi senza subire reti. Nel frattempi i centri di Aicardi a uomini pari e Petrovic in superiorit\u00e0 spingono il Savona sul + 4. E&#8217; Calcaterra ad interrompere la lunga astinenza bresciana, ma al suo goal replica Angelini. Gli ospiti provano a riaccendere la speranza con una rete di Presciutti a 25&#8243; dalla fine del terzo tempo. Pisano protesta e viene ammonito, ma poco dopo pu\u00f2 esultare: Aicardi infila il pallone alle spalle di Del Lungo quando manca 1 solo secondo all&#8217;ultima pausa.<\/p>\n<p>Avanti 9 a 5, i biancorossi possono affrontare il quarto tempo con una certa tranquillit\u00e0. Alla prima azione conquistano un tiro dai cinque metri, per\u00f2 Rizzo lo fallisce. Nessun problema: ci pensa Fiorentini a realizzare il goal del nuovo massimo vantaggio savonese. A quel punto il Brescia ha una reazione. Elez va a segno su rigore. A 5&#8217;47&#8221; dal termine Binchi viene espulso per raggiunto limite di falli; poco dopo Calcaterra insacca il 10 &#8211; 7. La Rari Nantes prova a congelare la partita, Bovon non gradisce un episodio e a 2&#8217;02&#8221; dalla sirena viene espulso per proteste. Negli ultimi 20&#8243; di gioco botta e risposta, con due reti in superiorit\u00e0, di Mammarella e Rizzo. Le statistiche parlano cos\u00ec di 5 su 10 con l&#8217;uomo in pi\u00f9 per il Savona e 4 su 12 per il Brescia.<\/p>\n<p>&#8220;E stata una partita pesantissima \u2013 commenta il vice capitano biancorosso Valerio Rizzo \u2013 perch\u00e9 loro arrivavano dalla vittoria col Recco. Il Brescia ha un gioco molto fisico, nuotano tantissimo e fanno bene il pressing. Noi abbiamo giocato bene, abbiamo tenuto e stiamo anche migliorando in difesa&#8221;. Ma per la Rari non c&#8217;\u00e8 tempo per gioire della vittoria di oggi perch\u00e9 gi\u00e0 incombe il prossimo impegno di campionato marted\u00ec a Civitavecchia: &#8220;Sar\u00e0 una partita difficile &#8211; spiega Rizzo &#8211; cos\u00ec come sar\u00e0 ancora pi\u00f9 difficile la partita di venerd\u00ec a Savona con il Posillipo. Ci aspetta un periodo molto duro con un grande dispendio di energie&#8221;.<\/p>\n<p>Il tabellino:<br \/>\nCarisa Savona \u2013 A.N. Brescia 11 &#8211; 8<br \/>\n(Parziali: 2 &#8211; 1, 3 &#8211; 2, 4 &#8211; 2, 2 &#8211; 3)<br \/>\nCarisa Savona: Volarevic, Fulcheris, Damonte 1, Petrovic 1, Colombo, Rizzo 2, Janovic 1, Angelini 3, Bianco, Mistrangelo, Aicardi 2, Fiorentini 1, Zerilli. All. Andrea Pisano.<br \/>\nA.N. Brescia: Del Lungo, Miotto, Presciutti 1, Legrenzi, Loncar 1, Calcaterra 2, Mammarella 1, Nora, Binchi 1, Elez 1, Giorgi, Gitto 1, Dian. All. Alessandro Bovo.<br \/>\nArbitri: Attilio Paoletti di Roma e Alessandro Severo (Roma). Delegato Fin: Walter Trov\u00f2 (Genova).<\/p>\n<p>I risultati della 5\u00b0 giornata:<br \/>\nEllev\u00ec Nervi \u2013 Strano Light Division Catania 16 &#8211; 7<br \/>\nFerla Pro Recco \u2013 Enel Civitavecchia 19 &#8211; 6<br \/>\nCarisa Savona \u2013 A.N. Brescia 11 &#8211; 8<br \/>\nCarpisa Yamamay Acquachiara \u2013 IGM Ortigia 5 &#8211; 4<br \/>\nRari Nantes Florentia \u2013 C.N. Posillipo 8 &#8211; 14<br \/>\nRari Nantes Bogliasco \u2013 Rari Nantes Camogli 8 &#8211; 8<\/p>\n<p>Alle spalle del Savona c&#8217;\u00e8 un quartetto, del quale fa parte anche la matricola Acquachiara:<br \/>\n1\u00b0 Carisa Savona 13<br \/>\n2\u00b0 Ferla Pro Recco 12<br \/>\n2\u00b0 A.N. Brescia 12<br \/>\n2\u00b0 C.N. Posillipo 12<br \/>\n2\u00b0 Carpisa Yamamay Acquachiara 12<br \/>\n6\u00b0 Ellev\u00ec Nervi 8<br \/>\n7\u00b0 IGM Ortigia 6<br \/>\n8\u00b0 Rari Nantes Bogliasco 4<br \/>\n8\u00b0 Rari Nantes Florentia 4<br \/>\n10\u00b0 Enel Civitavecchia 3<br \/>\n11\u00b0 Rari Nantes Camogli 1<br \/>\n12\u00b0 Strano Light Division Catania 0<\/p>\n<p>Gli incontri del 6\u00b0 turno, in programma marted\u00ec 1 novembre:<br \/>\nStrano Light Division Catania &#8211; Carpisa Yamamay Acquachiara<br \/>\nC.N. Posillipo &#8211; Ferla Pro Recco<br \/>\nIGM Ortigia &#8211; Rari Nantes Florentia<br \/>\nRari Nantes Camogli &#8211; Ellev\u00ec Nervi<br \/>\nA.N. Brescia &#8211; Rari Nantes Bogliasco<br \/>\nEnel Civitavecchia &#8211; Carisa Savona<\/p>\n","protected":false},"excerpt":{"rendered":"<p>Savona. Il Brescia presentava a Savona con credenziali non da poco: era reduce da una vittoria sulla Pro Recco, un risultato che negli ultimi anni \u00e8 riuscito a pochi. La Carisa, al contrario, giungeva a questa sfida al vertice dopo una serie di prestazioni altalenanti, alcune positive come quella in Len Euro Cup, e altre, [&hellip;]<\/p>\n","protected":false},"author":18,"featured_media":0,"comment_status":"open","ping_status":"closed","sticky":false,"template":"","format":"standard","meta":{"footnotes":""},"categories":[32],"tags":[12195,29410,166,3676],"class_list":["post-201512","post","type-post","status-publish","format-standard","hentry","category-sport","tag-brescia","tag-carisa-savona","tag-pallanuoto","tag-serie-a1","post_cat_citta-savona"],"amp_validity":null,"amp_enabled":true,"_links":{"self":[{"href":"https:\/\/staging.ivg.it\/ediapi\/wp\/v2\/posts\/201512","targetHints":{"allow":["GET"]}}],"collection":[{"href":"https:\/\/staging.ivg.it\/ediapi\/wp\/v2\/posts"}],"about":[{"href":"https:\/\/staging.ivg.it\/ediapi\/wp\/v2\/types\/post"}],"author":[{"embeddable":true,"href":"https:\/\/staging.ivg.it\/ediapi\/wp\/v2\/users\/18"}],"replies":[{"embeddable":true,"href":"https:\/\/staging.ivg.it\/ediapi\/wp\/v2\/comments?post=201512"}],"version-history":[{"count":0,"href":"https:\/\/staging.ivg.it\/ediapi\/wp\/v2\/posts\/201512\/revisions"}],"wp:attachment":[{"href":"https:\/\/staging.ivg.it\/ediapi\/wp\/v2\/media?parent=201512"}],"wp:term":[{"taxonomy":"category","embeddable":true,"href":"https:\/\/staging.ivg.it\/ediapi\/wp\/v2\/categories?post=201512"},{"taxonomy":"post_tag","embeddable":true,"href":"https:\/\/staging.ivg.it\/ediapi\/wp\/v2\/tags?post=201512"}],"curies":[{"name":"wp","href":"https:\/\/api.w.org\/{rel}","templated":true}]}}