{"id":201408,"date":"2011-10-29T13:20:47","date_gmt":"2011-10-29T11:20:47","guid":{"rendered":"http:\/\/www.ivg.it\/?p=201408"},"modified":"2011-10-29T23:35:26","modified_gmt":"2011-10-29T21:35:26","slug":"millesimo-inaugurata-lelisuperficie-ulteriore-garanzia-per-sicurezza-cittadini","status":"publish","type":"post","link":"https:\/\/staging.ivg.it\/2011\/10\/millesimo-inaugurata-lelisuperficie-ulteriore-garanzia-per-sicurezza-cittadini\/","title":{"rendered":"Millesimo, inaugurata l\u2019elisuperficie: \u201cUlteriore garanzia per sicurezza cittadini\u201d"},"content":{"rendered":"<p><strong>Millesimo<\/strong>. E&#8217; stata inaugurata questa mattina la nuova elisuperficie di Millesimo che sar\u00e0 utile per velocizzare i soccorsi nelle aree inaccessibili della Valbormida e anche sulla A6 Torino-Savona. Il taglio del nastro \u00e8 avvenuto, alle 10,30, alla presenza dell&#8217;assessore regionale alla Sanit\u00e0, Claudio Montaldo, insieme al sindaco di Millesimo Mauro Righello.<\/p>\n<p>L&#8217;area \u00e8 stata allestita in localit\u00e0 Priero a soli due chilometri dal casello autostradale di Millesimo a seguito dell&#8217;accordo firmato oggi in Comune tra Regione Liguria, vigili del fuoco, Asl ed 118. Alle 11 infatti, nella sala consiliare del palazzo comunale, \u00e8 stato sottoscritto un protocollo d&#8217;intesa per il servizio di elisoccorso, firmato dall&#8217;Assessore alla salute della Regione Liguria Claudio Montaldo, i vertici dell&#8217;ASL e del servizio 118 Savona soccorso, i sindaci dei comuni dell&#8217;Alta Val Bormida, le pubbliche assistenze locali del territorio e naturalmente la direzione regionale dei Vigili del fuoco con il proprio nucleo elicotteristi.<\/p>\n<p>L&#8217;assessore Montaldo ha commentato cos\u00ec mentre atterrava il veivolo del nucleo elicotteristi dei Vigili del Fuoco: \u201cE&#8217; la realizzazione di un importante progetto frutto di intelligenza amministrativa da parte di sindaci che sanno che il soccorso e la sicurezza va portata in casa del cittadino\u201d. &#8220;L&#8217;area \u00e8 stata attrezzata per Millesimo ed il comprensorio dell&#8217;Alta Valbormida e riveste una notevole importanza per il territorio, che ha un&#8217;orografia particolare e quindi necessita di un punto di raccolta per le emergenze&#8221; ha spiegato il sindaco Mauro Righello.<\/p>\n<p>La nuova stazione attrezzata di elisoccorso per Millesimo ed il comprensorio  dell&#8217;Alta Valbormida, che consente di raggiungere i dieci minuti di volo ospedali come quello di San Martino a Genova, riveste una notevole importanza per il territorio, che ha un\u2019orografia particolare e quindi necessita di un punto di raccolta struttura di elisoccorso verso i nosocomi attrezzati per le emergenze in caso di gravi incidenti o pericolo sanitario. Naturalmente gli interventi \u2018ordinari\u2019 si appoggiano sulle strutture sanitarie esistenti sul territorio, ma per le gravi emergenze si \u00e8 ravvisata la necessit\u00e0 di questa nuova area attrezzata, che \u00e8 stato appunto condivisa da molti soggetti come spiega il primo cittadino di Millesimo.<\/p>\n<p>Per la realizzazione dell&#8217;opera, che ha avuto l&#8217;avvallo del nucleo elicotteristi dei Vigili del Fuoco di Genova, che gestiscono il servizio per la Regione Liguria \u00e8 stata attrezzata un&#8217;area di elisuperficie accanto all&#8217;area cimiteriale in localit\u00e0 Priero, che \u00e8 stata individuata attraverso un apposito studio che ha valutato le possibilit\u00e0 di sorvolo ed atterraggio dei velivoli e l&#8217;assenza di abitazioni, linee elettriche ecc. Il progetto,  rientra nel programma nel programma della giunta comunale in relazione al progetto \u201cSoccorso Italia in 20 minuti\u201d del Ministero dell\u2019Interno.<\/p>\n<p>Naturalmente, la predisposizione di tale servizio a Millesimo non esclude interventi del nucleo elicotteristi dei Vigili del fuoco in altre localit\u00e0 limitrofe, che in caso di emergenza, possono intervenire atterrando in aree occasionali. L&#8217;elemento aggiuntivo della stazione di Millesimo \u00e8 rappresentato dalla strutturazione dell&#8217;area \u2013 idonea per l&#8217;atterraggio dei velivoli di grandi dimensioni \u2013 dalla predisposizione di illuminazione e dei dispositivi di sicurezza. Inoltre, l&#8217;area georeferenziata si trova accanto alla strada provinciale SP 339 e nelle vicinanze della stazione di Millesimo dell&#8217;autostrada A6 Torino-Savona, quindi facilmente e agevolmente raggiungibile. L&#8217;area \u00e8 stata illuminata con nuove lampade a basso consumo attraverso l&#8217;accordo con l&#8217;azienda Beghelli.<\/p>\n","protected":false},"excerpt":{"rendered":"<p>Millesimo. E&#8217; stata inaugurata questa mattina la nuova elisuperficie di Millesimo che sar\u00e0 utile per velocizzare i soccorsi nelle aree inaccessibili della Valbormida e anche sulla A6 Torino-Savona. Il taglio del nastro \u00e8 avvenuto, alle 10,30, alla presenza dell&#8217;assessore regionale alla Sanit\u00e0, Claudio Montaldo, insieme al sindaco di Millesimo Mauro Righello. L&#8217;area \u00e8 stata allestita [&hellip;]<\/p>\n","protected":false},"author":13744,"featured_media":0,"comment_status":"open","ping_status":"closed","sticky":false,"template":"","format":"standard","meta":{"footnotes":""},"categories":[56,34],"tags":[735,5564,85857],"class_list":["post-201408","post","type-post","status-publish","format-standard","hentry","category-altre","category-cronaca","tag-elicottero","tag-elisuperficie","tag-millesimo","post_cat_citta-millesimo"],"amp_validity":null,"amp_enabled":true,"_links":{"self":[{"href":"https:\/\/staging.ivg.it\/ediapi\/wp\/v2\/posts\/201408","targetHints":{"allow":["GET"]}}],"collection":[{"href":"https:\/\/staging.ivg.it\/ediapi\/wp\/v2\/posts"}],"about":[{"href":"https:\/\/staging.ivg.it\/ediapi\/wp\/v2\/types\/post"}],"author":[{"embeddable":true,"href":"https:\/\/staging.ivg.it\/ediapi\/wp\/v2\/users\/13744"}],"replies":[{"embeddable":true,"href":"https:\/\/staging.ivg.it\/ediapi\/wp\/v2\/comments?post=201408"}],"version-history":[{"count":0,"href":"https:\/\/staging.ivg.it\/ediapi\/wp\/v2\/posts\/201408\/revisions"}],"wp:attachment":[{"href":"https:\/\/staging.ivg.it\/ediapi\/wp\/v2\/media?parent=201408"}],"wp:term":[{"taxonomy":"category","embeddable":true,"href":"https:\/\/staging.ivg.it\/ediapi\/wp\/v2\/categories?post=201408"},{"taxonomy":"post_tag","embeddable":true,"href":"https:\/\/staging.ivg.it\/ediapi\/wp\/v2\/tags?post=201408"}],"curies":[{"name":"wp","href":"https:\/\/api.w.org\/{rel}","templated":true}]}}