{"id":199774,"date":"2011-10-23T13:58:03","date_gmt":"2011-10-23T11:58:03","guid":{"rendered":"http:\/\/www.ivg.it\/?p=199774"},"modified":"2011-10-23T21:19:25","modified_gmt":"2011-10-23T19:19:25","slug":"sanita-la-lega-nord-allattacco-di-montaldo-e-del-centro-sinistra-basta-penalizzare-i-savonesi","status":"publish","type":"post","link":"https:\/\/staging.ivg.it\/2011\/10\/sanita-la-lega-nord-allattacco-di-montaldo-e-del-centro-sinistra-basta-penalizzare-i-savonesi\/","title":{"rendered":"Sanit\u00e0, la Lega Nord all\u2019attacco di Montaldo e del centro sinistra: \u201cBasta penalizzare i savonesi\u201d"},"content":{"rendered":"<p><strong>Savona.<\/strong> &#8220;Non \u00e8 giusto penalizzare pesantemente una fascia di cittadini che per et\u00e0 o patologia si trovano in difficolt\u00e0, come sembra emergere da questa proposta&#8221;. La segreteria savonese della Lega Nord torna sul piano sanitario della Asl 2.<\/p>\n<p>&#8220;Anche il Pd Savonese, partito dell&#8217;assessore regionale, ha espresso un giudizio negativo senza appello palesando una spaccatura pesante all&#8217;interno del partito su tale argomento,spaccatura gi\u00e0 presente nella maggioranza, dimostrando con chiarezza che si naviga a vista affidando all&#8217;improvvisazione qualsiasi soluzione, infatti le idee del presidente della regione sono diverse da quelle dell&#8217;assessore, e quelle di tutti e due sono diverse da quelle del partito a cui loro sono iscritti&#8221; afferma la Lega. <\/p>\n<p>&#8220;E&#8217; giunto il momento di dire basta a questo grottesco teatrino che penalizza i cittadini, ancora una volta la sinistra si dimostra capace di essere assistenzialista ed incapace di essere propositiva anche quando, come ora, si gioca sulla pelle della gente. Non ci sono campanilismi, ma solo ed esclusivamente una visione finalizzata ai cittadini savonesi che da tutti noi si aspettano risposte e non solo spot elettorali da parte di assessori consiglieri sindaci o segretari di partito, la competenza di tutti cio\u2019 e\u2019 regionale che allora si assuma le sue competenze e non trascuri i savonesi&#8221;. <\/p>\n<p>&#8220;Noi siamo pronti a sederci intorno a un tavolo che discuta finalmente in modo serio una riorganizzazione della sanit\u00e0; ma chiediamo a chi ci ha condotto a questi punti ovvero all&#8217;assessore Montaldo un passo indietro insieme ai vari consiglieri regionali che in questi anni hanno insieme a Montaldo condotto la sanit\u00e0 Ligure nel baratro che si trova oggi&#8221; conclude la nota.<\/p>\n","protected":false},"excerpt":{"rendered":"<p>Savona. &#8220;Non \u00e8 giusto penalizzare pesantemente una fascia di cittadini che per et\u00e0 o patologia si trovano in difficolt\u00e0, come sembra emergere da questa proposta&#8221;. La segreteria savonese della Lega Nord torna sul piano sanitario della Asl 2. &#8220;Anche il Pd Savonese, partito dell&#8217;assessore regionale, ha espresso un giudizio negativo senza appello palesando una spaccatura [&hellip;]<\/p>\n","protected":false},"author":13744,"featured_media":0,"comment_status":"open","ping_status":"closed","sticky":false,"template":"","format":"standard","meta":{"footnotes":""},"categories":[31],"tags":[630,111,85850],"class_list":["post-199774","post","type-post","status-publish","format-standard","hentry","category-politica","tag-lega-nord","tag-sanita","tag-savona","post_cat_citta-albenga","post_cat_citta-andora","post_cat_citta-cairo-montenotte","post_cat_citta-pietra-ligure","post_cat_citta-savona"],"amp_validity":null,"amp_enabled":true,"_links":{"self":[{"href":"https:\/\/staging.ivg.it\/ediapi\/wp\/v2\/posts\/199774","targetHints":{"allow":["GET"]}}],"collection":[{"href":"https:\/\/staging.ivg.it\/ediapi\/wp\/v2\/posts"}],"about":[{"href":"https:\/\/staging.ivg.it\/ediapi\/wp\/v2\/types\/post"}],"author":[{"embeddable":true,"href":"https:\/\/staging.ivg.it\/ediapi\/wp\/v2\/users\/13744"}],"replies":[{"embeddable":true,"href":"https:\/\/staging.ivg.it\/ediapi\/wp\/v2\/comments?post=199774"}],"version-history":[{"count":0,"href":"https:\/\/staging.ivg.it\/ediapi\/wp\/v2\/posts\/199774\/revisions"}],"wp:attachment":[{"href":"https:\/\/staging.ivg.it\/ediapi\/wp\/v2\/media?parent=199774"}],"wp:term":[{"taxonomy":"category","embeddable":true,"href":"https:\/\/staging.ivg.it\/ediapi\/wp\/v2\/categories?post=199774"},{"taxonomy":"post_tag","embeddable":true,"href":"https:\/\/staging.ivg.it\/ediapi\/wp\/v2\/tags?post=199774"}],"curies":[{"name":"wp","href":"https:\/\/api.w.org\/{rel}","templated":true}]}}