{"id":199206,"date":"2011-10-20T13:23:06","date_gmt":"2011-10-20T11:23:06","guid":{"rendered":"http:\/\/www.ivg.it\/?p=199206"},"modified":"2011-10-20T19:22:26","modified_gmt":"2011-10-20T17:22:26","slug":"elisoccorso-a-millesimo-il-29-ottobre-inaugurazione-dellarea-ad-hoc","status":"publish","type":"post","link":"https:\/\/staging.ivg.it\/2011\/10\/elisoccorso-a-millesimo-il-29-ottobre-inaugurazione-dellarea-ad-hoc\/","title":{"rendered":"Elisoccorso a Millesimo: il 29 ottobre inaugurazione dell\u2019area \u201cad hoc\u201d"},"content":{"rendered":"<p><strong>Millesimo<\/strong>. Sabato 29 ottobre apre la nuova area attrezzata per il servizio di elisoccorso predisposta dalla giunta comunale millesimese guidata dal sindaco Mauro Righello. Infatti, alle ore 10,30 nella nuova area di Loc. Priero, accanto alla strada provinciale SP 339 per Cengio, verr\u00e0 aperta al servizio di elisoccorso l&#8217;area attrezzata e realizzata a seguito  dell&#8217;accordo con la Regione Liguria, i Vigili del fuoco, l&#8217;Asl ed il 118.<\/p>\n<p>Alle ore 11 nella sala consiliare del palazzo comunale verr\u00e0 sottoscritto un protocollo d&#8217;intesa per il servizio di elisoccorso, a cui parteciper\u00e0 l&#8217;assessore alla Salute della Regione Liguria Claudio Montaldo, i vertici dell&#8217;Asl e del servizio 118 Savona soccorso, i sindaci dei comuni dell&#8217;Alta Val Bormida, le pubbliche assistenze locali del territorio e naturalmente la direzione regionale dei Vigili del fuoco con il proprio nucleo elicotteristi.<\/p>\n<p>La nuova stazione attrezzata di elisoccorso per Millesimo ed il comprensorio  dell&#8217;Alta Valbormida riveste una notevole importanza per il territorio, che ha un\u2019orografia particolare e quindi necessita di un punto di raccolta struttura di elisoccorso verso i nosocomi attrezzati per le emergenze in caso di gravi incidenti o pericolo sanitario. Naturalmente gli interventi \u2018ordinari\u2019 si appoggiano sulle strutture sanitarie esistenti sul territorio, ma per le gravi emergenze si \u00e8 ravvisata la necessit\u00e0 di questa nuova area attrezzata, che \u00e8 stato appunto condivisa da molti soggetti come spiega il primo cittadino di Millesimo. <\/p>\n<p>Per la realizzazione dell&#8217;opera, che ha avuto l&#8217;avvallo del nucleo elicotteristi dei Vigili del Fuoco di Genova, che gestiscono il servizio per la Regione Liguria \u00e8 stata attrezzata un&#8217;area di elisuperficie accanto all&#8217;area cimiteriale in localit\u00e0 Priero, che \u00e8 stata individuata attraverso un apposito studio che ha valutato le possibilit\u00e0 di sorvolo ed atterraggio dei velivoli e l&#8217;assenza di abitazioni, linee elettriche ecc. Il progetto,  rientra nel programma nel programma della giunta comunale in relazione al progetto \u201cSoccorso Italia in 20 minuti\u201d del Ministero dell\u2019Interno.<\/p>\n<p>Naturalmente, la predisposizione di tale servizio a Millesimo non esclude interventi del nucleo elicotteristi dei Vigili del fuoco in altre localit\u00e0 limitrofe, che in caso di emergenza, possono intervenire atterrando in aree occasionali. L&#8217;elemento aggiuntivo della stazione di Millesimo \u00e8 rappresentato dalla strutturazione dell&#8217;area \u2013 idonea per l&#8217;atterraggio dei velivoli di grandi dimensioni \u2013 dalla predisposizione di illuminazione e dei dispositivi di sicurezza. Inoltre, l&#8217;area georeferenziata si trova accanto alla strada provinciale SP 339 e nelle vicinanze della stazione di Millesimo dell&#8217;autostrada A6 Torino-Savona, quindi facilmente e agevolmente raggiungibile. L&#8217;area \u00e8 stata illuminata con nuove lampade a basso consumo attraverso l&#8217;accordo con l&#8217;azienda Beghelli.<\/p>\n","protected":false},"excerpt":{"rendered":"<p>Millesimo. Sabato 29 ottobre apre la nuova area attrezzata per il servizio di elisoccorso predisposta dalla giunta comunale millesimese guidata dal sindaco Mauro Righello. Infatti, alle ore 10,30 nella nuova area di Loc. Priero, accanto alla strada provinciale SP 339 per Cengio, verr\u00e0 aperta al servizio di elisoccorso l&#8217;area attrezzata e realizzata a seguito dell&#8217;accordo [&hellip;]<\/p>\n","protected":false},"author":13744,"featured_media":0,"comment_status":"open","ping_status":"closed","sticky":false,"template":"","format":"standard","meta":{"footnotes":""},"categories":[],"tags":[374,3824,85857],"class_list":["post-199206","post","type-post","status-publish","format-standard","hentry","tag-elisoccorso","tag-mauro-righello","tag-millesimo","post_cat_citta-millesimo"],"amp_validity":null,"amp_enabled":true,"_links":{"self":[{"href":"https:\/\/staging.ivg.it\/ediapi\/wp\/v2\/posts\/199206","targetHints":{"allow":["GET"]}}],"collection":[{"href":"https:\/\/staging.ivg.it\/ediapi\/wp\/v2\/posts"}],"about":[{"href":"https:\/\/staging.ivg.it\/ediapi\/wp\/v2\/types\/post"}],"author":[{"embeddable":true,"href":"https:\/\/staging.ivg.it\/ediapi\/wp\/v2\/users\/13744"}],"replies":[{"embeddable":true,"href":"https:\/\/staging.ivg.it\/ediapi\/wp\/v2\/comments?post=199206"}],"version-history":[{"count":0,"href":"https:\/\/staging.ivg.it\/ediapi\/wp\/v2\/posts\/199206\/revisions"}],"wp:attachment":[{"href":"https:\/\/staging.ivg.it\/ediapi\/wp\/v2\/media?parent=199206"}],"wp:term":[{"taxonomy":"category","embeddable":true,"href":"https:\/\/staging.ivg.it\/ediapi\/wp\/v2\/categories?post=199206"},{"taxonomy":"post_tag","embeddable":true,"href":"https:\/\/staging.ivg.it\/ediapi\/wp\/v2\/tags?post=199206"}],"curies":[{"name":"wp","href":"https:\/\/api.w.org\/{rel}","templated":true}]}}