{"id":199201,"date":"2011-10-20T13:03:28","date_gmt":"2011-10-20T11:03:28","guid":{"rendered":"http:\/\/www.ivg.it\/?p=199201"},"modified":"2011-10-20T17:44:26","modified_gmt":"2011-10-20T15:44:26","slug":"spaccio-di-hashish-37enne-arrestato-a-savona-dalla-guardia-di-finanza","status":"publish","type":"post","link":"https:\/\/staging.ivg.it\/2011\/10\/spaccio-di-hashish-37enne-arrestato-a-savona-dalla-guardia-di-finanza\/","title":{"rendered":"Spaccio di hashish, 37enne arrestato a Savona dalla Guardia di Finanza"},"content":{"rendered":"<p><strong>Savona.<\/strong> E&#8217; stato arrestato a Savona dalle fiamme gialle per detenzione a fini di spaccio di sostanze stupefacenti. In manette \u00e8 finito M.C., savonese di 37 anni, fermato ieri pomeriggio dalla Guardia di Finanza impegnata in controlli specifici antidroga sul territorio. I finanzieri hanno notato uno &#8220;scambio&#8221; tra il 37enne ed un altro giovane, a quel punto sono intervenuti sequestrando 50 grammi di hashish. <\/p>\n<p>Durante la successiva perquisizione domiciliare le fiamme gialle hanno rinvenuto altri 20 grammi di droga: M.C. \u00e8 stato tratto in arresto, mentre per l&#8217;acquirente \u00e8 scattata una denuncia all&#8217;Autorit\u00e0 Giudiziaria. Il fermo del 37enne \u00e8 stato richiesto dal pm Ubaldo Pelosi, in attesa dell&#8217;interrogatorio di garanzia in carcere davanti al gip del Tribunale di Savona.<\/p>\n","protected":false},"excerpt":{"rendered":"<p>Savona. E&#8217; stato arrestato a Savona dalle fiamme gialle per detenzione a fini di spaccio di sostanze stupefacenti. In manette \u00e8 finito M.C., savonese di 37 anni, fermato ieri pomeriggio dalla Guardia di Finanza impegnata in controlli specifici antidroga sul territorio. I finanzieri hanno notato uno &#8220;scambio&#8221; tra il 37enne ed un altro giovane, a [&hellip;]<\/p>\n","protected":false},"author":13744,"featured_media":0,"comment_status":"open","ping_status":"closed","sticky":false,"template":"","format":"standard","meta":{"footnotes":""},"categories":[34],"tags":[392,649,85850,1304],"class_list":["post-199201","post","type-post","status-publish","format-standard","hentry","category-cronaca","tag-finanza","tag-hashish","tag-savona","tag-spaccio","post_cat_citta-andora","post_cat_citta-savona"],"amp_validity":null,"amp_enabled":true,"_links":{"self":[{"href":"https:\/\/staging.ivg.it\/ediapi\/wp\/v2\/posts\/199201","targetHints":{"allow":["GET"]}}],"collection":[{"href":"https:\/\/staging.ivg.it\/ediapi\/wp\/v2\/posts"}],"about":[{"href":"https:\/\/staging.ivg.it\/ediapi\/wp\/v2\/types\/post"}],"author":[{"embeddable":true,"href":"https:\/\/staging.ivg.it\/ediapi\/wp\/v2\/users\/13744"}],"replies":[{"embeddable":true,"href":"https:\/\/staging.ivg.it\/ediapi\/wp\/v2\/comments?post=199201"}],"version-history":[{"count":0,"href":"https:\/\/staging.ivg.it\/ediapi\/wp\/v2\/posts\/199201\/revisions"}],"wp:attachment":[{"href":"https:\/\/staging.ivg.it\/ediapi\/wp\/v2\/media?parent=199201"}],"wp:term":[{"taxonomy":"category","embeddable":true,"href":"https:\/\/staging.ivg.it\/ediapi\/wp\/v2\/categories?post=199201"},{"taxonomy":"post_tag","embeddable":true,"href":"https:\/\/staging.ivg.it\/ediapi\/wp\/v2\/tags?post=199201"}],"curies":[{"name":"wp","href":"https:\/\/api.w.org\/{rel}","templated":true}]}}