{"id":199117,"date":"2011-10-20T08:50:55","date_gmt":"2011-10-20T06:50:55","guid":{"rendered":"http:\/\/www.ivg.it\/?p=199117"},"modified":"2011-10-20T08:50:55","modified_gmt":"2011-10-20T06:50:55","slug":"savona-pedagogisti-riuniti-per-offrire-aiuto-alle-persone-in-difficolta","status":"publish","type":"post","link":"https:\/\/staging.ivg.it\/2011\/10\/savona-pedagogisti-riuniti-per-offrire-aiuto-alle-persone-in-difficolta\/","title":{"rendered":"Savona, pedagogisti riuniti per offrire aiuto alle persone in difficolt\u00e0"},"content":{"rendered":"<p><strong>Savona.<\/strong> Sabato 29 ottobre si terr\u00e0 al Polo Universitario di Savona il convegno &#8220;Alleanze educative in aiuto alla Persona&#8221;. Il convegno \u00e8  promosso dall\u2019Anpec &#8211; Associazione Nazionale Pedagogisti Clinici &#8211; Sezione Provinciale di Savona e Imperia in intesa e collaborazione con l\u2019Isfar &#8211; Istituto Superiore di Formazione, Aggiornamento e Ricerca &#8211; Ente accreditato dal MIUR, Ministero dell\u2019Istruzione, dell\u2019Universit\u00e0 e della Ricerca.<\/p>\n<p>Il convegno, patrocinato da numerosissimi enti e associazioni, sar\u00e0 occasione di disamina delle strategie di intervento in aiuto alla persona di ogni et\u00e0 nonch\u00e9 un&#8217;opportunit\u00e0 di confronto, scientifico e culturale, e soprattutto sar\u00e0 orientato a favorire le possibili alleanze &#8220;educative&#8221; tra le diverse professionalit\u00e0. Le tematiche affrontate toccheranno le varie problematiche (compresa la disabilit\u00e0 fisica, psichica e sensoriale) dell&#8217;et\u00e0 evolutiva, dell&#8217;adulto, dell&#8217;anziano,  il tutto nell&#8217;ottica di una prospettiva che sia integrata e multidisciplinare. L&#8217;unica garanzia della qualit\u00e0 dell&#8217;aiuto alla Persona \u00e8, infatti, l&#8217;alleanza tra le varie parti in causa: Famiglia, Professionisti, Istituzioni.<\/p>\n<p>Il convegno, accreditato dal Ministero dell&#8217;Istruzione, dell&#8217;Universit\u00e0 e della Ricerca, Direzione Generale per la Liguria, sar\u00e0 occasione di formazione e aggiornamento professionale per tutto il personale insegnante, educativo, per gli operatori sociali, sanitari, i professionisti e tutti coloro che lavorano quotidianamente in aiuto alla Persona. La partecipazione \u00e8 gratuita.<\/p>\n","protected":false},"excerpt":{"rendered":"<p>Savona. Sabato 29 ottobre si terr\u00e0 al Polo Universitario di Savona il convegno &#8220;Alleanze educative in aiuto alla Persona&#8221;. Il convegno \u00e8 promosso dall\u2019Anpec &#8211; Associazione Nazionale Pedagogisti Clinici &#8211; Sezione Provinciale di Savona e Imperia in intesa e collaborazione con l\u2019Isfar &#8211; Istituto Superiore di Formazione, Aggiornamento e Ricerca &#8211; Ente accreditato dal MIUR, [&hellip;]<\/p>\n","protected":false},"author":13744,"featured_media":0,"comment_status":"open","ping_status":"closed","sticky":false,"template":"","format":"standard","meta":{"footnotes":""},"categories":[],"tags":[937,85850],"class_list":["post-199117","post","type-post","status-publish","format-standard","hentry","tag-anziani","tag-savona","post_cat_citta-savona"],"amp_validity":null,"amp_enabled":true,"_links":{"self":[{"href":"https:\/\/staging.ivg.it\/ediapi\/wp\/v2\/posts\/199117","targetHints":{"allow":["GET"]}}],"collection":[{"href":"https:\/\/staging.ivg.it\/ediapi\/wp\/v2\/posts"}],"about":[{"href":"https:\/\/staging.ivg.it\/ediapi\/wp\/v2\/types\/post"}],"author":[{"embeddable":true,"href":"https:\/\/staging.ivg.it\/ediapi\/wp\/v2\/users\/13744"}],"replies":[{"embeddable":true,"href":"https:\/\/staging.ivg.it\/ediapi\/wp\/v2\/comments?post=199117"}],"version-history":[{"count":0,"href":"https:\/\/staging.ivg.it\/ediapi\/wp\/v2\/posts\/199117\/revisions"}],"wp:attachment":[{"href":"https:\/\/staging.ivg.it\/ediapi\/wp\/v2\/media?parent=199117"}],"wp:term":[{"taxonomy":"category","embeddable":true,"href":"https:\/\/staging.ivg.it\/ediapi\/wp\/v2\/categories?post=199117"},{"taxonomy":"post_tag","embeddable":true,"href":"https:\/\/staging.ivg.it\/ediapi\/wp\/v2\/tags?post=199117"}],"curies":[{"name":"wp","href":"https:\/\/api.w.org\/{rel}","templated":true}]}}