{"id":198964,"date":"2011-10-19T15:40:32","date_gmt":"2011-10-19T13:40:32","guid":{"rendered":"http:\/\/www.ivg.it\/?p=198964"},"modified":"2011-10-20T10:48:58","modified_gmt":"2011-10-20T08:48:58","slug":"scoppia-un-tubo-il-3%c2%b0-piano-del-tribunale-di-savona-va-a-bagno","status":"publish","type":"post","link":"https:\/\/staging.ivg.it\/2011\/10\/scoppia-un-tubo-il-3%c2%b0-piano-del-tribunale-di-savona-va-a-bagno\/","title":{"rendered":"Scoppia un tubo, il terzo piano del Tribunale di Savona \u201cva a bagno\u201d"},"content":{"rendered":"<p><strong>Savona<\/strong>. Il tribunale di Savona allagato. E&#8217; un incubo ricorrente nelle giornate di pioggia quando nel Palazzo di Giustizia savonese, a causa di diverse infiltrazioni, si formano vere e proprie pozzanghere (come dimostrano le foto scattate nel luglio scorso). Ma ora sembra che le minacce non arrivino solo pi\u00f9 dal meteo: ieri pomeriggio, infatti, a portare scompiglio nel tribunale ci si \u00e8 messa una tubatura. Per la precisione la rottura di un tubo dell&#8217;impianto di condizionamento che ha provocato una perdita d&#8217;acqua violenta. Il guasto si \u00e8 verificato in una stanza del terzo piano che ospita un archivio. <\/p>\n<p>Fortunatamente, quando il tubo \u00e8 scoppiato, erano circa le 17,30 e negli uffici del terzo piano erano presenti ancora due giudici e personale della cancelleria. Sono stati proprio loro, dopo aver sentito un colpo fortissimo, a rendersi conto di quello che stava accadendo e a dare l&#8217;allarme. In pochi attimi dalla stanza \u00e8 uscita una cascata d&#8217;acqua che ha invaso l&#8217;intero corridoio, raggiungendo anche altri uffici del piano. Solo l&#8217;intervento tempestivo dei tecnici, che hanno fermato la perdita, ha evitato il peggio. Ma se il guasto si fosse verificato in un orario differente, per esempio in piena notte, le conseguenze sarebbero state ben pi\u00f9 gravi. Se la perdita non fosse stata bloccata in fretta infatti i danni al materiale ed alla struttura potevano essere rilevanti.<\/p>\n<p>Questa mattina dal Tribunale non \u00e8 arrivato nessun commento ufficiale, ma dai corridoi del palazzo si alza un coro unanime: &#8220;Questo edificio va in pezzi e avrebbe bisogno di interventi urgenti&#8221;. Ma questa non \u00e8 una novit\u00e0. Sono anni ormai che chi lavora nel tribunale savonese segnala le carenze ed i problemi dell&#8217;edificio. Chiss\u00e0 se il nuovo campanello d&#8217;allarme, suonato ieri pomeriggio, riuscir\u00e0 a smuovere le acque su questa preoccupante situazione. <\/p>\n","protected":false},"excerpt":{"rendered":"<p>Savona. Il tribunale di Savona allagato. E&#8217; un incubo ricorrente nelle giornate di pioggia quando nel Palazzo di Giustizia savonese, a causa di diverse infiltrazioni, si formano vere e proprie pozzanghere (come dimostrano le foto scattate nel luglio scorso). Ma ora sembra che le minacce non arrivino solo pi\u00f9 dal meteo: ieri pomeriggio, infatti, a [&hellip;]<\/p>\n","protected":false},"author":2394,"featured_media":0,"comment_status":"open","ping_status":"closed","sticky":false,"template":"","format":"standard","meta":{"footnotes":""},"categories":[56,34],"tags":[11093,85850,2170],"class_list":["post-198964","post","type-post","status-publish","format-standard","hentry","category-altre","category-cronaca","tag-allagamento","tag-savona","tag-tribunale","post_cat_citta-savona"],"amp_validity":null,"amp_enabled":true,"_links":{"self":[{"href":"https:\/\/staging.ivg.it\/ediapi\/wp\/v2\/posts\/198964","targetHints":{"allow":["GET"]}}],"collection":[{"href":"https:\/\/staging.ivg.it\/ediapi\/wp\/v2\/posts"}],"about":[{"href":"https:\/\/staging.ivg.it\/ediapi\/wp\/v2\/types\/post"}],"author":[{"embeddable":true,"href":"https:\/\/staging.ivg.it\/ediapi\/wp\/v2\/users\/2394"}],"replies":[{"embeddable":true,"href":"https:\/\/staging.ivg.it\/ediapi\/wp\/v2\/comments?post=198964"}],"version-history":[{"count":0,"href":"https:\/\/staging.ivg.it\/ediapi\/wp\/v2\/posts\/198964\/revisions"}],"wp:attachment":[{"href":"https:\/\/staging.ivg.it\/ediapi\/wp\/v2\/media?parent=198964"}],"wp:term":[{"taxonomy":"category","embeddable":true,"href":"https:\/\/staging.ivg.it\/ediapi\/wp\/v2\/categories?post=198964"},{"taxonomy":"post_tag","embeddable":true,"href":"https:\/\/staging.ivg.it\/ediapi\/wp\/v2\/tags?post=198964"}],"curies":[{"name":"wp","href":"https:\/\/api.w.org\/{rel}","templated":true}]}}