{"id":19869,"date":"2008-01-14T11:16:16","date_gmt":"2008-01-14T10:16:16","guid":{"rendered":"http:\/\/www.ivg.it\/2008\/01\/14\/santa-corona-pietra-finale-e-loano-deliberano-il-no-alla-deaziendalizzazione\/"},"modified":"2008-01-14T15:00:36","modified_gmt":"2008-01-14T14:00:36","slug":"santa-corona-pietra-finale-e-loano-deliberano-il-no-alla-deaziendalizzazione","status":"publish","type":"post","link":"https:\/\/staging.ivg.it\/2008\/01\/santa-corona-pietra-finale-e-loano-deliberano-il-no-alla-deaziendalizzazione\/","title":{"rendered":"Santa Corona: Pietra, Finale e Loano deliberano il no alla deaziendalizzazione"},"content":{"rendered":"<p><strong>[thumb:3326:r:t=Manifestazione pro Santa Corona]Ponente<\/strong>. I sindaci di Pietra Ligure, Finale Ligure e Loano uniti contro il riordino ospedaliero deciso dall&#8217;amministrazione regionale. Le giunte guidate dai tre primi cittadini De Vincenzi, Richeri e Vaccarezza hanno concordato una deliberazione che servir\u00e0 ancora una volta a ribadire il no alla perdita di status d&#8217;azienda prevista per il Santa Corona e a rilanciare l&#8217;idea di un&#8217;integrazione della struttura pietrese con il nosocomio di Albenga.<br \/>\nIl documento sar\u00e0 sottoposto all&#8217;attenzione di tutti i Comuni compresi nelle Comunit\u00e0 Montane Pollupice e Ingauna e inviato pi\u00f9 in generale a tutti i sindaci savonesi.<br \/>\nRispecchiando le posizioni di una quindicina di Comuni del ponente savonese (tranne Calice, mentre Boissano \u00e8 in forse), le giunte pietresi, loanesi e finalesi &#8211; testualmente &#8211; &#8220;affermano la propria contrariet\u00e0 alla deaziendalizzazione dell&#8217;ospedale Santa Corona di Pietra Ligure; ritengono necessaria l&#8217;integrazione, nell&#8217;interesse dell&#8217;intera comunit\u00e0 savonese, tra l&#8217;ospedale Santa Corona e l&#8217;ospedale Santa Maria Misericordia di Albenga; richiedono alla Regione il mantenimento di una Azienda Ospedaliera nel Ponente della provincia di Savona che comprenda l&#8217;ospedale Santa Corona di Pietra Ligure e l&#8217;ospedale Santa Maria della Misericordia di Albenga&#8221;.<\/p>\n","protected":false},"excerpt":{"rendered":"<p>[thumb:3326:r:t=Manifestazione pro Santa Corona]Ponente. I sindaci di Pietra Ligure, Finale Ligure e Loano uniti contro il riordino ospedaliero deciso dall&#8217;amministrazione regionale. Le giunte guidate dai tre primi cittadini De Vincenzi, Richeri e Vaccarezza hanno concordato una deliberazione che servir\u00e0 ancora una volta a ribadire il no alla perdita di status d&#8217;azienda prevista per il Santa [&hellip;]<\/p>\n","protected":false},"author":5,"featured_media":0,"comment_status":"open","ping_status":"closed","sticky":false,"template":"","format":"standard","meta":{"footnotes":""},"categories":[31],"tags":[],"class_list":["post-19869","post","type-post","status-publish","format-standard","hentry","category-politica","post_cat_citta-andora","post_cat_citta-finale-ligure","post_cat_citta-loano","post_cat_citta-pietra-ligure"],"amp_validity":null,"amp_enabled":true,"_links":{"self":[{"href":"https:\/\/staging.ivg.it\/ediapi\/wp\/v2\/posts\/19869","targetHints":{"allow":["GET"]}}],"collection":[{"href":"https:\/\/staging.ivg.it\/ediapi\/wp\/v2\/posts"}],"about":[{"href":"https:\/\/staging.ivg.it\/ediapi\/wp\/v2\/types\/post"}],"author":[{"embeddable":true,"href":"https:\/\/staging.ivg.it\/ediapi\/wp\/v2\/users\/5"}],"replies":[{"embeddable":true,"href":"https:\/\/staging.ivg.it\/ediapi\/wp\/v2\/comments?post=19869"}],"version-history":[{"count":0,"href":"https:\/\/staging.ivg.it\/ediapi\/wp\/v2\/posts\/19869\/revisions"}],"wp:attachment":[{"href":"https:\/\/staging.ivg.it\/ediapi\/wp\/v2\/media?parent=19869"}],"wp:term":[{"taxonomy":"category","embeddable":true,"href":"https:\/\/staging.ivg.it\/ediapi\/wp\/v2\/categories?post=19869"},{"taxonomy":"post_tag","embeddable":true,"href":"https:\/\/staging.ivg.it\/ediapi\/wp\/v2\/tags?post=19869"}],"curies":[{"name":"wp","href":"https:\/\/api.w.org\/{rel}","templated":true}]}}