{"id":19843,"date":"2008-01-14T07:40:02","date_gmt":"2008-01-14T06:40:02","guid":{"rendered":"http:\/\/www.ivg.it\/2008\/01\/14\/malato-morto-nellincidente-dellambulanza-aperta-uninchiesta\/"},"modified":"2008-01-14T12:49:34","modified_gmt":"2008-01-14T11:49:34","slug":"malato-morto-nellincidente-dellambulanza-aperta-uninchiesta","status":"publish","type":"post","link":"https:\/\/staging.ivg.it\/2008\/01\/malato-morto-nellincidente-dellambulanza-aperta-uninchiesta\/","title":{"rendered":"Malato morto nell&#8217;incidente dell&#8217;ambulanza: aperta un&#8217;inchiesta"},"content":{"rendered":"<p><strong>[thumb:5018:r:t=Antonino Pangallo]Spotorno<\/strong>. La direzione della Croce Azzurra di Vallecrosia ha avviato un&#8217;inchiesta amministrativa sull&#8217;incidente avvenuto sabato scorso sull&#8217;Autofiori, poco lontano dal casello di Spotorno, in cui \u00e8 morto Antonino Pangallo, 35 anni, di Ventimiglia. Il giovane veniva trasportato da un&#8217;ambulanza a Genova per un trapianto di fegato e sedeva assieme alla sua convivente sul sedile posteriore del veicolo sanitario &#8211; una Fiat Marea &#8211; della pubblica assistenza.<br \/>\nPer cause tuttora in fase di accertamento, ma molto probabilmente legate all&#8217;asfalto reso viscido dalla pioggia, il conducente, Paolo Serena, ha perso il controllo e il veicolo \u00e8 andato a sbattere contro il guardrail lungo il viadotto spotornese &#8220;Cravetto&#8221;. Antonino Pangallo \u00e8 stato proiettato fuori dal portellone posteriore ed \u00e8 morto sul colpo. Ferite pi\u00f9 lievi per la sua convivente e i due volontari.<br \/>\n&#8220;A noi risulta che l&#8217;automobile \u00e8 slittata a causa dell&#8217;asfalto bagnato &#8211; spiega il presidente della Croce Azzurra, Gianfranco Musimeci &#8211; Siamo tutti choc e vicini ai familiari della vittima&#8221;.<br \/>\nIl direttivo della Croce Azzurra di Vallecrosia si \u00e8 riunito per nominare un legale, mentre l&#8217;auto usata per il trasporto del malato \u00e8 sotto sequestro. L&#8217;autista del mezzo di soccorso \u00e8 ora indagato dalla magistratura savonese per omicidio colposo. Ad aprire l&#8217;inchiesta \u00e8 stato il sostituto procuratore Danilo Ceccarelli sulla base dei primi riscontri della polizia stradale.<\/p>\n<p>[image:5017:c:s=1:Immagine dell&#8217;incidente]<\/p>\n<p>[image:5016:c:s=1:Immagine dell&#8217;incidente]<\/p>\n","protected":false},"excerpt":{"rendered":"<p>[thumb:5018:r:t=Antonino Pangallo]Spotorno. La direzione della Croce Azzurra di Vallecrosia ha avviato un&#8217;inchiesta amministrativa sull&#8217;incidente avvenuto sabato scorso sull&#8217;Autofiori, poco lontano dal casello di Spotorno, in cui \u00e8 morto Antonino Pangallo, 35 anni, di Ventimiglia. Il giovane veniva trasportato da un&#8217;ambulanza a Genova per un trapianto di fegato e sedeva assieme alla sua convivente sul sedile [&hellip;]<\/p>\n","protected":false},"author":5,"featured_media":0,"comment_status":"open","ping_status":"closed","sticky":false,"template":"","format":"standard","meta":{"footnotes":""},"categories":[34],"tags":[],"class_list":["post-19843","post","type-post","status-publish","format-standard","hentry","category-cronaca","post_cat_citta-spotorno"],"amp_validity":null,"amp_enabled":true,"_links":{"self":[{"href":"https:\/\/staging.ivg.it\/ediapi\/wp\/v2\/posts\/19843","targetHints":{"allow":["GET"]}}],"collection":[{"href":"https:\/\/staging.ivg.it\/ediapi\/wp\/v2\/posts"}],"about":[{"href":"https:\/\/staging.ivg.it\/ediapi\/wp\/v2\/types\/post"}],"author":[{"embeddable":true,"href":"https:\/\/staging.ivg.it\/ediapi\/wp\/v2\/users\/5"}],"replies":[{"embeddable":true,"href":"https:\/\/staging.ivg.it\/ediapi\/wp\/v2\/comments?post=19843"}],"version-history":[{"count":0,"href":"https:\/\/staging.ivg.it\/ediapi\/wp\/v2\/posts\/19843\/revisions"}],"wp:attachment":[{"href":"https:\/\/staging.ivg.it\/ediapi\/wp\/v2\/media?parent=19843"}],"wp:term":[{"taxonomy":"category","embeddable":true,"href":"https:\/\/staging.ivg.it\/ediapi\/wp\/v2\/categories?post=19843"},{"taxonomy":"post_tag","embeddable":true,"href":"https:\/\/staging.ivg.it\/ediapi\/wp\/v2\/tags?post=19843"}],"curies":[{"name":"wp","href":"https:\/\/api.w.org\/{rel}","templated":true}]}}