{"id":19830,"date":"2008-01-12T18:32:00","date_gmt":"2008-01-12T17:32:00","guid":{"rendered":"http:\/\/www.ivg.it\/2008\/01\/12\/varazze-retroporto-la-posizione-della-sinistra-critica\/"},"modified":"2008-01-14T07:54:22","modified_gmt":"2008-01-14T06:54:22","slug":"varazze-retroporto-la-posizione-della-sinistra-critica","status":"publish","type":"post","link":"https:\/\/staging.ivg.it\/2008\/01\/varazze-retroporto-la-posizione-della-sinistra-critica\/","title":{"rendered":"Varazze, retroporto: la posizione della &#8220;sinistra critica&#8221;"},"content":{"rendered":"<p>[thumb:650:l]<strong>Varazze.<\/strong> Tra le polemiche e il clima invelenito dallo scontro frontale tra il centro destra e il centro sinistra che \u00e8 venuto accentuandosi negli ultimi giorni, ha preso il via oggi la &#8220;consultazione&#8221; in merito al progetto di riqualificazione urbana del retroporto di Varazze varato dalla maggioranza nella seduta consigliare del 13 agosto 2007. Gli undicimila e pi\u00f9 varazzini con diritto di voto interessati a esprimere il proprio parere, potranno consegnare, compilato e in busta chiusa, il questionario loro sottoposto dall&#8217;amministrazione comunale anche domenica 13 gennaio presso l&#8217;ufficio &#8220;seggio&#8221; predisposto nel Comune (orario 8.30-13 e 14.30-19.30).<br \/>\nLa &#8220;sinistra critica&#8221;, riaffermando le sue valutazioni negative sul progetto e sul metodo della consultazione, \u00e8 intanto ritornata in queste ore a censurare parimenti gli atteggiamenti assunti negli ultimi mesi sia dal centro sinistra che dal centro destra: il percorso con il quale si \u00e8 giunti &#8220;a una consultazione, peraltro non vincolante, posteriore alla scelta gi\u00e0 fatta dall&#8217;Amministrazione e successiva a un referendum poi stoppato, si colloca in un clima in cui la posizione della destra, che si oppone al progetto, \u00e8 pretestuosa e solo tesa a procrastinare scelte che spererebbe di poter gestire direttamente&#8221;, dichiarano in una nota congiunta il consigliere comunale Maria Rina Dagnino (&#8220;Cittadini per Varazze&#8221;), Anna Traverso di &#8220;Sinistra Democratica&#8221; e i due segretari provinciali del PRC e PdCI Marco Ravera e Carla Siri. Gli esponenti della &#8220;sinistra critica&#8221; ribadiscono che, indipendentemente da ci\u00f2 che emerger\u00e0 dalle risposte fornite dai varazzini al questionario, il dibattito dovr\u00e0 essere ripreso. &#8220;La nostra contrariet\u00e0 [al progetto presentato dalla maggioranza] &#8211; sostengono &#8211; non trova risposte nelle modalit\u00e0 di consultazione. \u00c8 evidente che \u00e8 pretestuoso affrontare il problema del retroporto di Varazze in termini di essere o meno d&#8217;accordo sulla riqualificazione. La riqualificazione \u00e8 necessaria, ma deve essere anche strumento per dare risposte ai bisogni dei cittadini come ribadito dal voto in Consiglio comunale del Gruppo consiliare `Cittadini per Varazze&#8217; con particolare attenzione alle politiche abitative, alle opportunit\u00e0 lavorative e pi\u00f9 in generale alla pubblica utilit\u00e0&#8221;. &#8220;La nostra posizione dunque, pur fermamente contraria nel merito, non pu\u00f2 trovare risposta nella modalit\u00e0 di consultazione previste per le quali la partecipazione dei cittadini potrebbe addirittura essere ininfluente. Auspichiamo quindi &#8211; concludono gli esponenti della sinistra &#8211; che l&#8217;Amministrazione intenda comunque rivedere le forma di coinvolgimento dei cittadini e delle forze politiche per costruire nuove proposte davvero condivise e utili per la citt\u00e0&#8221;.<\/p>\n","protected":false},"excerpt":{"rendered":"<p>[thumb:650:l]Varazze. Tra le polemiche e il clima invelenito dallo scontro frontale tra il centro destra e il centro sinistra che \u00e8 venuto accentuandosi negli ultimi giorni, ha preso il via oggi la &#8220;consultazione&#8221; in merito al progetto di riqualificazione urbana del retroporto di Varazze varato dalla maggioranza nella seduta consigliare del 13 agosto 2007. Gli [&hellip;]<\/p>\n","protected":false},"author":13744,"featured_media":0,"comment_status":"open","ping_status":"closed","sticky":false,"template":"","format":"standard","meta":{"footnotes":""},"categories":[35,31],"tags":[],"class_list":["post-19830","post","type-post","status-publish","format-standard","hentry","category-economia","category-politica","post_cat_citta-andora","post_cat_citta-varazze"],"amp_validity":null,"amp_enabled":true,"_links":{"self":[{"href":"https:\/\/staging.ivg.it\/ediapi\/wp\/v2\/posts\/19830","targetHints":{"allow":["GET"]}}],"collection":[{"href":"https:\/\/staging.ivg.it\/ediapi\/wp\/v2\/posts"}],"about":[{"href":"https:\/\/staging.ivg.it\/ediapi\/wp\/v2\/types\/post"}],"author":[{"embeddable":true,"href":"https:\/\/staging.ivg.it\/ediapi\/wp\/v2\/users\/13744"}],"replies":[{"embeddable":true,"href":"https:\/\/staging.ivg.it\/ediapi\/wp\/v2\/comments?post=19830"}],"version-history":[{"count":0,"href":"https:\/\/staging.ivg.it\/ediapi\/wp\/v2\/posts\/19830\/revisions"}],"wp:attachment":[{"href":"https:\/\/staging.ivg.it\/ediapi\/wp\/v2\/media?parent=19830"}],"wp:term":[{"taxonomy":"category","embeddable":true,"href":"https:\/\/staging.ivg.it\/ediapi\/wp\/v2\/categories?post=19830"},{"taxonomy":"post_tag","embeddable":true,"href":"https:\/\/staging.ivg.it\/ediapi\/wp\/v2\/tags?post=19830"}],"curies":[{"name":"wp","href":"https:\/\/api.w.org\/{rel}","templated":true}]}}