{"id":19810,"date":"2008-01-12T11:24:54","date_gmt":"2008-01-12T10:24:54","guid":{"rendered":"http:\/\/www.ivg.it\/2008\/01\/12\/savona-scolastico-procuratore-capo-per-altri-dieci-mesi\/"},"modified":"2008-01-13T23:36:21","modified_gmt":"2008-01-13T22:36:21","slug":"savona-scolastico-procuratore-capo-per-altri-dieci-mesi","status":"publish","type":"post","link":"https:\/\/staging.ivg.it\/2008\/01\/savona-scolastico-procuratore-capo-per-altri-dieci-mesi\/","title":{"rendered":"Savona, Scolastico procuratore capo per altri dieci mesi"},"content":{"rendered":"<p><strong>[thumb:2788:r:t=Il procuratore Vincenzo Scolastico]Savona<\/strong>. Il procuratore capo Vincenzo Scolastico rester\u00e0 a Savona almeno altri dieci mesi. Il 27 gennaio, per effetto della riforma della giustizia, il magistrato decadr\u00e0 dall&#8217;incarico alla guida della Procura savonese, ma rester\u00e0 al suo posto fino all&#8217;arrivo del nuovo procuratore, previsto per l&#8217;autunno. Scolastico, nel frattempo, ha presentato domanda per essere trasferito in un&#8217;altra sede: Sanremo, Santa Maria Capua Vetere, Catanzaro, Lucca, Pisa, Siena, Grosseto.<br \/>\nDurante la permanenza a Savona, Scolastico ha coordinato le indagini sugli omicidi nel Savonese del serial killer Donato Bilancia, dell'&#8221;Arsenio Lupin&#8221; savonese Renato Rinino, delle due ragazze assassinate a Campochiesa d&#8217;Albenga e sull&#8217;uccisione dell&#8217;ex questore Arrigo Molinari ad Andora.<\/p>\n","protected":false},"excerpt":{"rendered":"<p>[thumb:2788:r:t=Il procuratore Vincenzo Scolastico]Savona. Il procuratore capo Vincenzo Scolastico rester\u00e0 a Savona almeno altri dieci mesi. Il 27 gennaio, per effetto della riforma della giustizia, il magistrato decadr\u00e0 dall&#8217;incarico alla guida della Procura savonese, ma rester\u00e0 al suo posto fino all&#8217;arrivo del nuovo procuratore, previsto per l&#8217;autunno. Scolastico, nel frattempo, ha presentato domanda per essere [&hellip;]<\/p>\n","protected":false},"author":5,"featured_media":0,"comment_status":"open","ping_status":"closed","sticky":false,"template":"","format":"standard","meta":{"footnotes":""},"categories":[],"tags":[],"class_list":["post-19810","post","type-post","status-publish","format-standard","hentry","post_cat_citta-andora","post_cat_citta-savona"],"amp_validity":null,"amp_enabled":true,"_links":{"self":[{"href":"https:\/\/staging.ivg.it\/ediapi\/wp\/v2\/posts\/19810","targetHints":{"allow":["GET"]}}],"collection":[{"href":"https:\/\/staging.ivg.it\/ediapi\/wp\/v2\/posts"}],"about":[{"href":"https:\/\/staging.ivg.it\/ediapi\/wp\/v2\/types\/post"}],"author":[{"embeddable":true,"href":"https:\/\/staging.ivg.it\/ediapi\/wp\/v2\/users\/5"}],"replies":[{"embeddable":true,"href":"https:\/\/staging.ivg.it\/ediapi\/wp\/v2\/comments?post=19810"}],"version-history":[{"count":0,"href":"https:\/\/staging.ivg.it\/ediapi\/wp\/v2\/posts\/19810\/revisions"}],"wp:attachment":[{"href":"https:\/\/staging.ivg.it\/ediapi\/wp\/v2\/media?parent=19810"}],"wp:term":[{"taxonomy":"category","embeddable":true,"href":"https:\/\/staging.ivg.it\/ediapi\/wp\/v2\/categories?post=19810"},{"taxonomy":"post_tag","embeddable":true,"href":"https:\/\/staging.ivg.it\/ediapi\/wp\/v2\/tags?post=19810"}],"curies":[{"name":"wp","href":"https:\/\/api.w.org\/{rel}","templated":true}]}}