{"id":197812,"date":"2011-10-14T16:23:18","date_gmt":"2011-10-14T14:23:18","guid":{"rendered":"http:\/\/www.ivg.it\/?p=197812"},"modified":"2011-10-14T16:25:57","modified_gmt":"2011-10-14T14:25:57","slug":"albenga-al-via-i-lavori-per-linstallazione-della-rotonda-in-via-dalmaziavia-patrioti","status":"publish","type":"post","link":"https:\/\/staging.ivg.it\/2011\/10\/albenga-al-via-i-lavori-per-linstallazione-della-rotonda-in-via-dalmaziavia-patrioti\/","title":{"rendered":"Albenga, al via i lavori per l\u2019installazione della rotonda in Via Dalmazia e Via Patrioti"},"content":{"rendered":"<p><strong>Albenga<\/strong>. Al via l&#8217;opera preliminare per l&#8217;installazione della nuova rotonda tra Via Dalmazia e Via Patrioti. La mattina di gioved\u00ec 13 ottobre, sotto la supervisione di Roberto Schneck, vice sindaco di Albenga con delega ai lavori pubblici, sono iniziati i lavori relativi all&#8217;adeguamento dei marciapiedi e del fondo stradale  dell&#8217;incrocio che, a cantiere chiuso, ospiter\u00e0 una rotatoria. <\/p>\n<p>L&#8217;opera avr\u00e0 durata di alcuni giorni, quindi il settore Lavori Pubblici lascer\u00e0 il campo al settore Viabilit\u00e0, per il posizionamento della rotonda stessa, e l\u2019avvio della nuova circolazione.<\/p>\n","protected":false},"excerpt":{"rendered":"<p>Albenga. Al via l&#8217;opera preliminare per l&#8217;installazione della nuova rotonda tra Via Dalmazia e Via Patrioti. La mattina di gioved\u00ec 13 ottobre, sotto la supervisione di Roberto Schneck, vice sindaco di Albenga con delega ai lavori pubblici, sono iniziati i lavori relativi all&#8217;adeguamento dei marciapiedi e del fondo stradale dell&#8217;incrocio che, a cantiere chiuso, ospiter\u00e0 [&hellip;]<\/p>\n","protected":false},"author":13744,"featured_media":0,"comment_status":"open","ping_status":"closed","sticky":false,"template":"","format":"standard","meta":{"footnotes":""},"categories":[],"tags":[85841,854,233,13506,17634,108],"class_list":["post-197812","post","type-post","status-publish","format-standard","hentry","tag-albenga","tag-lavori","tag-rotonda","tag-via-dalmazia","tag-via-patrioti","tag-viabilita","post_cat_citta-albenga"],"amp_validity":null,"amp_enabled":true,"_links":{"self":[{"href":"https:\/\/staging.ivg.it\/ediapi\/wp\/v2\/posts\/197812","targetHints":{"allow":["GET"]}}],"collection":[{"href":"https:\/\/staging.ivg.it\/ediapi\/wp\/v2\/posts"}],"about":[{"href":"https:\/\/staging.ivg.it\/ediapi\/wp\/v2\/types\/post"}],"author":[{"embeddable":true,"href":"https:\/\/staging.ivg.it\/ediapi\/wp\/v2\/users\/13744"}],"replies":[{"embeddable":true,"href":"https:\/\/staging.ivg.it\/ediapi\/wp\/v2\/comments?post=197812"}],"version-history":[{"count":0,"href":"https:\/\/staging.ivg.it\/ediapi\/wp\/v2\/posts\/197812\/revisions"}],"wp:attachment":[{"href":"https:\/\/staging.ivg.it\/ediapi\/wp\/v2\/media?parent=197812"}],"wp:term":[{"taxonomy":"category","embeddable":true,"href":"https:\/\/staging.ivg.it\/ediapi\/wp\/v2\/categories?post=197812"},{"taxonomy":"post_tag","embeddable":true,"href":"https:\/\/staging.ivg.it\/ediapi\/wp\/v2\/tags?post=197812"}],"curies":[{"name":"wp","href":"https:\/\/api.w.org\/{rel}","templated":true}]}}