{"id":197028,"date":"2011-10-11T16:30:55","date_gmt":"2011-10-11T14:30:55","guid":{"rendered":"http:\/\/www.ivg.it\/?p=197028"},"modified":"2011-10-11T16:30:55","modified_gmt":"2011-10-11T14:30:55","slug":"climbing-marathon-guido-cortese-primeggia-a-san-vito-in-coppia-con-marzio-nardi","status":"publish","type":"post","link":"https:\/\/staging.ivg.it\/2011\/10\/climbing-marathon-guido-cortese-primeggia-a-san-vito-in-coppia-con-marzio-nardi\/","title":{"rendered":"Climbing marathon: Guido Cortese primeggia a San Vito in coppia con Marzio Nardi"},"content":{"rendered":"<p><strong>Pietra Ligure<\/strong>. Un pietrese svetta al San Vito Climbing Festival. Si tratta di Guido Cortese che, insieme al compagno di allenamenti e gare Marzio Nardi di Torino, si \u00e8 aggiudicato la terza edizione della competizione, svoltasi nel paese della Sicilia dove \u00e8 nato da un team di appassionati per promuovere l&#8217;arrampicata sportiva nella regione. Cortese e Nardi hanno vinto la climbing marathon a coppie.<\/p>\n<p>San Vito \u00e8 un luogo che si presta perfettamente per lo scopo, in quanto il paese \u00e8 circondato da falesie per la maggior parte vergini. Il San Vito Climbing Festival \u00e8 durato quattro giorni, da gioved\u00ec a domenica, ed ogni sera \u00e8 stato animato da un evento come proiezioni di filmati, dibattiti, eccetera.<\/p>\n<p>Il sabato si \u00e8 svolta una gara open, ossia aperta a tutti. La domenica \u00e8 andata in scena la gara top, per i pi\u00f9 bravi.<\/p>\n<p>La formula \u00e8 semplice: chi compie pi\u00f9 vie (itinerari) vince. Le vie pi\u00f9 difficili hanno un punteggio alto, le vie pi\u00f9 facili un punteggio pi\u00f9 basso. Gli iscritti queat&#8217;anno sono stati circa quattrocento, provenienti da tutta italia ma anche dall&#8217;estero. Il tutto in un clima decisamente sereno, in quanto si \u00e8 l\u00ec tutti per scalare e divertirsi senza prendersi troppo sul serio.<\/p>\n<p>&#8220;Nel nostro sport &#8211; spiega Cortese &#8211; una qualunque competizione che sia &#8216;del parroco&#8217; o pi\u00f9 importante, purtroppo, per questioni logistiche, non \u00e8 pi\u00f9 fatta su roccia vera. Tutte sono su artificiale, in gergo detta &#8216;plastica&#8217;. Vedi, ad esempio, la pi\u00f9 recente delle nostre parti, quella svoltasi a Finalborgo tre settimane fa. Quindi quella di San Vito rimane un evento pi\u00f9 unico che raro perch\u00e9 la roccia \u00e8 una risorsa esauribile&#8221;.<\/p>\n","protected":false},"excerpt":{"rendered":"<p>Pietra Ligure. Un pietrese svetta al San Vito Climbing Festival. Si tratta di Guido Cortese che, insieme al compagno di allenamenti e gare Marzio Nardi di Torino, si \u00e8 aggiudicato la terza edizione della competizione, svoltasi nel paese della Sicilia dove \u00e8 nato da un team di appassionati per promuovere l&#8217;arrampicata sportiva nella regione. Cortese [&hellip;]<\/p>\n","protected":false},"author":18,"featured_media":0,"comment_status":"open","ping_status":"closed","sticky":false,"template":"","format":"standard","meta":{"footnotes":""},"categories":[32],"tags":[3672,27414],"class_list":["post-197028","post","type-post","status-publish","format-standard","hentry","category-sport","tag-arrampicata","tag-guido-cortese","post_cat_citta-pietra-ligure"],"amp_validity":null,"amp_enabled":true,"_links":{"self":[{"href":"https:\/\/staging.ivg.it\/ediapi\/wp\/v2\/posts\/197028","targetHints":{"allow":["GET"]}}],"collection":[{"href":"https:\/\/staging.ivg.it\/ediapi\/wp\/v2\/posts"}],"about":[{"href":"https:\/\/staging.ivg.it\/ediapi\/wp\/v2\/types\/post"}],"author":[{"embeddable":true,"href":"https:\/\/staging.ivg.it\/ediapi\/wp\/v2\/users\/18"}],"replies":[{"embeddable":true,"href":"https:\/\/staging.ivg.it\/ediapi\/wp\/v2\/comments?post=197028"}],"version-history":[{"count":0,"href":"https:\/\/staging.ivg.it\/ediapi\/wp\/v2\/posts\/197028\/revisions"}],"wp:attachment":[{"href":"https:\/\/staging.ivg.it\/ediapi\/wp\/v2\/media?parent=197028"}],"wp:term":[{"taxonomy":"category","embeddable":true,"href":"https:\/\/staging.ivg.it\/ediapi\/wp\/v2\/categories?post=197028"},{"taxonomy":"post_tag","embeddable":true,"href":"https:\/\/staging.ivg.it\/ediapi\/wp\/v2\/tags?post=197028"}],"curies":[{"name":"wp","href":"https:\/\/api.w.org\/{rel}","templated":true}]}}