{"id":196300,"date":"2011-10-08T16:56:47","date_gmt":"2011-10-08T14:56:47","guid":{"rendered":"http:\/\/www.ivg.it\/?p=196300"},"modified":"2011-10-09T15:44:09","modified_gmt":"2011-10-09T13:44:09","slug":"due-incendi-boschivi-minacciano-abitazioni-intervento-dei-pompieri","status":"publish","type":"post","link":"https:\/\/staging.ivg.it\/2011\/10\/due-incendi-boschivi-minacciano-abitazioni-intervento-dei-pompieri\/","title":{"rendered":"Due incendi boschivi minacciano abitazioni, intervento dei pompieri"},"content":{"rendered":"<p><strong>Albisola\/Varazze.<\/strong> Sono in corso in questi minuti nel savonese le operazioni di spegnimento di due incendi boschivi divampati intorno alle 16 di oggi pomeriggio. Il primo allarme \u00e8 scattato nell&#8217;entroterra di Albisola, in localit\u00e0 Borgo degli Ulivi, dove, secondo quanto appreso, un incendio di sterpaglie \u00e8 sfuggito al controllo e si \u00e8 propagato all&#8217;area boschiva circostante, anche per la presenza di un forte vento che ha alimentato le fiamme. <\/p>\n<p>Il secondo incendio \u00e8 stato segnalato poco dopo a Varazze, sulle colline della localit\u00e0 Pero, sempre con la stessa dinamica. Due le squadre dei vigili del fuoco impegnate sui rispettivi roghi, che hanno destato preoccupazione in quanto vicini a delle abitazioni. Sul posto anche Forestale e volontari dell&#8217;antincendio. Tuttavia, stando alle ultime informazioni, la situazione su entrambi i fronti sarebbe sotto controllo. Fortunatamente l&#8217;estensione dei due incendi non \u00e8 di grossa entit\u00e0, intorno ai 200 metri quadrati.<\/p>\n","protected":false},"excerpt":{"rendered":"<p>Albisola\/Varazze. Sono in corso in questi minuti nel savonese le operazioni di spegnimento di due incendi boschivi divampati intorno alle 16 di oggi pomeriggio. Il primo allarme \u00e8 scattato nell&#8217;entroterra di Albisola, in localit\u00e0 Borgo degli Ulivi, dove, secondo quanto appreso, un incendio di sterpaglie \u00e8 sfuggito al controllo e si \u00e8 propagato all&#8217;area boschiva [&hellip;]<\/p>\n","protected":false},"author":4,"featured_media":0,"comment_status":"open","ping_status":"closed","sticky":false,"template":"","format":"standard","meta":{"footnotes":""},"categories":[34],"tags":[432,423,85868,618],"class_list":["post-196300","post","type-post","status-publish","format-standard","hentry","category-cronaca","tag-albisola","tag-incendio","tag-varazze","tag-vigili-del-fuoco","post_cat_citta-albisola-superiore","post_cat_citta-andora","post_cat_citta-varazze"],"amp_validity":null,"amp_enabled":true,"_links":{"self":[{"href":"https:\/\/staging.ivg.it\/ediapi\/wp\/v2\/posts\/196300","targetHints":{"allow":["GET"]}}],"collection":[{"href":"https:\/\/staging.ivg.it\/ediapi\/wp\/v2\/posts"}],"about":[{"href":"https:\/\/staging.ivg.it\/ediapi\/wp\/v2\/types\/post"}],"author":[{"embeddable":true,"href":"https:\/\/staging.ivg.it\/ediapi\/wp\/v2\/users\/4"}],"replies":[{"embeddable":true,"href":"https:\/\/staging.ivg.it\/ediapi\/wp\/v2\/comments?post=196300"}],"version-history":[{"count":0,"href":"https:\/\/staging.ivg.it\/ediapi\/wp\/v2\/posts\/196300\/revisions"}],"wp:attachment":[{"href":"https:\/\/staging.ivg.it\/ediapi\/wp\/v2\/media?parent=196300"}],"wp:term":[{"taxonomy":"category","embeddable":true,"href":"https:\/\/staging.ivg.it\/ediapi\/wp\/v2\/categories?post=196300"},{"taxonomy":"post_tag","embeddable":true,"href":"https:\/\/staging.ivg.it\/ediapi\/wp\/v2\/tags?post=196300"}],"curies":[{"name":"wp","href":"https:\/\/api.w.org\/{rel}","templated":true}]}}