{"id":196237,"date":"2011-10-08T11:49:40","date_gmt":"2011-10-08T09:49:40","guid":{"rendered":"http:\/\/www.ivg.it\/?p=196237"},"modified":"2011-10-08T12:05:23","modified_gmt":"2011-10-08T10:05:23","slug":"un-giorno-da-artigiano-assessori-che-si-trasformano-in-meccanici-tassisti-e-pasticceri","status":"publish","type":"post","link":"https:\/\/staging.ivg.it\/2011\/10\/un-giorno-da-artigiano-assessori-che-si-trasformano-in-meccanici-tassisti-e-pasticceri\/","title":{"rendered":"\u201cUn giorno da artigiano\u201d: assessori che si trasformano in meccanici, tassisti e pasticceri"},"content":{"rendered":"<p><strong>Liguria<\/strong>. Continua l&#8217;iniziativa organizzata da Confartigianato Liguria \u201cUn giorno da artigiano\u201d, giunta alla sua terza settimana. Dopo i consiglieri regionali Della Bianca, Piredda e Rixi, gli assessori Berlangieri e Boitano, \u00e8 stata poi la volta di altri tre consiglieri regionali.<\/p>\n<p>Aldo Siri della Lista Biasotti \u00e8 salito sul taxi insieme ad Argeo Chiappetta per aiutarlo nell&#8217;accoglienza a bordo dei clienti tra le strade di Genova. Francesco Bruzzone della Lega Nord si \u00e8 presentato in tuta da meccanico nell&#8217;officina Otar Garage di via Martin Piaggio dando sfoggio di saperci fare tra bulloni e cambi d&#8217;olio. Stefano Quaini dell&#8217;Idv \u00e8 rimasto in tema con la propria professione di medico e di presidente della commissione Sanit\u00e0 in Regione tra le attrezzature sanitarie di Medical Ars di Altare.<\/p>\n<p>\u00abLa prossima settimana \u2013 spiega Luca Costi, segretario regionale di Confartigianato Liguria \u2013 sar\u00e0 intensa di appuntamenti con cinque assessori e tre consiglieri impegnati in attivit\u00e0 di diversi settori qua e l\u00e0 per la Liguria. Per i membri della giunta le professioni sono state scelte in base alla delega di competenza\u00bb. E cos\u00ec luned\u00ec l&#8217;assessore allo Sport Gabriele Cascino tra step e tapis roulant andr\u00e0 nella palestra Gymnastic club di Genova. Marted\u00ec l&#8217;assessore al Bilancio Pippo Rossetti, quotidianamente impegnato nelle rotte difficili tra tagli e manovre finanziarie, vedr\u00e0 come nascono i timoni delle navi nella ditta Arvigo sas. Mercoled\u00ec Marilyn Fusco, assessore all&#8217;Urbanistica, diventer\u00e0 fioraia per un giorno per apprendere i segreti della decorazione floreale e dell&#8217;arredo verde urbano. Sabato sar\u00e0 il turno di due assessori spezzini: Renzo Guccinelli, allo Sviluppo economico, far\u00e0 il pasticcere da Gemmi a Sarzana; Enrico Vesco, ai Trasporti, diventer\u00e0 battelliere per il Consorzio turistico Cinque Terre.<\/p>\n<p>Confermato per il 25 ottobre l&#8217;appuntamento del presidente Claudio Burlando tra i maestri del cioccolato della storica impresa Viganotti di vico dei Castagna a Genova.<\/p>\n","protected":false},"excerpt":{"rendered":"<p>Liguria. Continua l&#8217;iniziativa organizzata da Confartigianato Liguria \u201cUn giorno da artigiano\u201d, giunta alla sua terza settimana. Dopo i consiglieri regionali Della Bianca, Piredda e Rixi, gli assessori Berlangieri e Boitano, \u00e8 stata poi la volta di altri tre consiglieri regionali. Aldo Siri della Lista Biasotti \u00e8 salito sul taxi insieme ad Argeo Chiappetta per aiutarlo [&hellip;]<\/p>\n","protected":false},"author":13744,"featured_media":0,"comment_status":"open","ping_status":"closed","sticky":false,"template":"","format":"standard","meta":{"footnotes":""},"categories":[],"tags":[5861,3057],"class_list":["post-196237","post","type-post","status-publish","format-standard","hentry","tag-artigiani","tag-confartigianato"],"amp_validity":null,"amp_enabled":true,"_links":{"self":[{"href":"https:\/\/staging.ivg.it\/ediapi\/wp\/v2\/posts\/196237","targetHints":{"allow":["GET"]}}],"collection":[{"href":"https:\/\/staging.ivg.it\/ediapi\/wp\/v2\/posts"}],"about":[{"href":"https:\/\/staging.ivg.it\/ediapi\/wp\/v2\/types\/post"}],"author":[{"embeddable":true,"href":"https:\/\/staging.ivg.it\/ediapi\/wp\/v2\/users\/13744"}],"replies":[{"embeddable":true,"href":"https:\/\/staging.ivg.it\/ediapi\/wp\/v2\/comments?post=196237"}],"version-history":[{"count":0,"href":"https:\/\/staging.ivg.it\/ediapi\/wp\/v2\/posts\/196237\/revisions"}],"wp:attachment":[{"href":"https:\/\/staging.ivg.it\/ediapi\/wp\/v2\/media?parent=196237"}],"wp:term":[{"taxonomy":"category","embeddable":true,"href":"https:\/\/staging.ivg.it\/ediapi\/wp\/v2\/categories?post=196237"},{"taxonomy":"post_tag","embeddable":true,"href":"https:\/\/staging.ivg.it\/ediapi\/wp\/v2\/tags?post=196237"}],"curies":[{"name":"wp","href":"https:\/\/api.w.org\/{rel}","templated":true}]}}