{"id":196231,"date":"2011-10-08T11:31:37","date_gmt":"2011-10-08T09:31:37","guid":{"rendered":"http:\/\/www.ivg.it\/?p=196231"},"modified":"2011-10-08T18:43:07","modified_gmt":"2011-10-08T16:43:07","slug":"cairo-ciclo-di-incontro-su-legalita-e-democrazia-se-ne-parla-con-ospiti-illustri","status":"publish","type":"post","link":"https:\/\/staging.ivg.it\/2011\/10\/cairo-ciclo-di-incontro-su-legalita-e-democrazia-se-ne-parla-con-ospiti-illustri\/","title":{"rendered":"Cairo, ciclo di incontro su legalit\u00e0 e democrazia: se ne parla con ospiti illustri"},"content":{"rendered":"<p><strong>Cairo M.<\/strong> Gli studenti dell&#8217;I.I.S. di Cairo Montenotte avranno l\u2019occasione di confrontarsi con temi forti e di grande impatto grazie al ciclo di incontri previsto dal progetto EGLE &#8211; Educazione alla Giustizia alla Legalit\u00e0 e all&#8217;Eguaglianza &#8211; per l\u2019anno scolastico 2011\/2012.<\/p>\n<p>Il progetto \u00e8 stato ideato e reso operativo dal professor Gaetano Aliberti e condiviso dalla Dirigenza e dai Docenti dell\u2019I.I.S. che lo hanno sostenuto, presentandolo al sindaco Briano. Per i contenuti, gli obiettivi e le personalit\u00e0 coinvolte, l\u2019iniziativa \u00e8 stata fatta propria dall\u2019amministrazione comunale sapendo esprimere a pieno le funzioni istituzionali assegnate non solo alla scuola, ma anche all\u2019ente locale in tema di formazione delle coscienze, di educazione al sociale, di promozione dei principi universali, costituzionali e democratici. Si \u00e8 quindi impegnata ad affiancare la scuola nella realizzazione del progetto, curando gli aspetti organizzativi, logistici e promozionali, mettendo a disposizione le sue strutture e i servizi di segreteria del sindaco, Cultura e Comunicazione, attivandosi per reperire sul territorio le necessarie risorse economiche, in oggi assicurate dalla condivisione e, quindi dal finanziamento della Fondazione &#8220;De Mari&#8221; dal contributo della Schneider Electric di Bragno. <\/p>\n<p>Gli incontri si svolgeranno nel Teatro Comunale a Palazzo di Citt\u00e0 con personalit\u00e0 che, per il loro ruolo e la loro esperienza hanno la capacit\u00e0 di trasmettere messaggi forti su temi quali la giustizia, la legalit\u00e0 la democrazia, la guerra, i diritti umani e testimoniarli con il loro impegno civile quotidiano.  Vista la complessit\u00e0 delle tematiche, gli studenti coinvolti saranno quelli delle classi quarte e quinte, ai quali verr\u00e0 offerta un\u2019educazione permanente sulle tematiche affrontate, andando al di l\u00e0 delle occasioni degli incontri, al fine di proporre alla citt\u00e0 un modo diverso di essere scuola sul territorio.<\/p>\n<p>Commenta il Sindaco Briano: \u201cLa divulgazione delle idee, il confronto delle opinioni, la riflessione sugli slanci volontaristici che si muovono nel mondo \u00e8 tra i principi ispiratori delle politiche giovanili di questa amministrazione, anche e soprattutto a supporto delle attivit\u00e0 didattiche, arricchendo le metodologie della conoscenza e dell\u2019apprendimento. Ancora una volta il corpo docente del nostro Istituto Superiore Scolastico ha saputo distinguersi  progettando un percorso preciso: avvicinare i giovani alla realt\u00e0 che li circonda, offrendo loro, con intelligenza, strumenti di pensiero e di conoscenza per riflettere e analizzare gli eventi e gli accadimenti contemporanei. Ritengo, infine, che parlare di legalit\u00e0 oggi nel nostro paese non sia cosa banale e siamo lieti di poterlo fare con interlocutori di questa rilevanza per i nostri giovani e con i nostri giovani\u201d.  <\/p>\n<p>Il calendario del progetto prevede i seguenti incontri: 15 ottobre 2011, ore 11: Adriano Sansa &#8211; Presidente Tribunale dei minori di Genova \u201cLa giustizia: causa ed effetto della democrazia\u201d; 12 novembre 2011, ore 11 Christine Weise \u2013 Presidente di Amnesty International  sez. Italia \u201cMai piu\u2019 violenza contro le donne\u201d; 2 marzo 2012, ore 11 Gherardo Colombo \u2013 Ex magistrato della Procura di Milano \u201cRegole, persone, democrazia\u201d; Maggio 2012  Alessandro Bertani \u2013 Vicepresidente di Emergency \u201cE tu che mondo vuoi? Pace, democrazia e diritti umani\u201d.<\/p>\n<p>Data l\u2019importanza a livello nazionale ed internazionale dei relatori, il Comune sta provvedendo, in relazione alla disponibilit\u00e0 degli stessi, ad organizzare, qualora fosse possibile, incontri pomeridiani a cui possano intervenire tutti i cittadini interessati. Intanto, ciascun incontro sar\u00e0 preceduto da una conferenza stampa aperta al pubblico.<\/p>\n","protected":false},"excerpt":{"rendered":"<p>Cairo M. Gli studenti dell&#8217;I.I.S. di Cairo Montenotte avranno l\u2019occasione di confrontarsi con temi forti e di grande impatto grazie al ciclo di incontri previsto dal progetto EGLE &#8211; Educazione alla Giustizia alla Legalit\u00e0 e all&#8217;Eguaglianza &#8211; per l\u2019anno scolastico 2011\/2012. Il progetto \u00e8 stato ideato e reso operativo dal professor Gaetano Aliberti e condiviso [&hellip;]<\/p>\n","protected":false},"author":13744,"featured_media":0,"comment_status":"open","ping_status":"closed","sticky":false,"template":"","format":"standard","meta":{"footnotes":""},"categories":[],"tags":[151,761,5937,5130],"class_list":["post-196231","post","type-post","status-publish","format-standard","hentry","tag-cairo","tag-conferenza","tag-gherardo-colombo","tag-legalita","post_cat_citta-cairo-montenotte"],"amp_validity":null,"amp_enabled":true,"_links":{"self":[{"href":"https:\/\/staging.ivg.it\/ediapi\/wp\/v2\/posts\/196231","targetHints":{"allow":["GET"]}}],"collection":[{"href":"https:\/\/staging.ivg.it\/ediapi\/wp\/v2\/posts"}],"about":[{"href":"https:\/\/staging.ivg.it\/ediapi\/wp\/v2\/types\/post"}],"author":[{"embeddable":true,"href":"https:\/\/staging.ivg.it\/ediapi\/wp\/v2\/users\/13744"}],"replies":[{"embeddable":true,"href":"https:\/\/staging.ivg.it\/ediapi\/wp\/v2\/comments?post=196231"}],"version-history":[{"count":0,"href":"https:\/\/staging.ivg.it\/ediapi\/wp\/v2\/posts\/196231\/revisions"}],"wp:attachment":[{"href":"https:\/\/staging.ivg.it\/ediapi\/wp\/v2\/media?parent=196231"}],"wp:term":[{"taxonomy":"category","embeddable":true,"href":"https:\/\/staging.ivg.it\/ediapi\/wp\/v2\/categories?post=196231"},{"taxonomy":"post_tag","embeddable":true,"href":"https:\/\/staging.ivg.it\/ediapi\/wp\/v2\/tags?post=196231"}],"curies":[{"name":"wp","href":"https:\/\/api.w.org\/{rel}","templated":true}]}}