{"id":195947,"date":"2011-10-07T12:12:41","date_gmt":"2011-10-07T10:12:41","guid":{"rendered":"http:\/\/www.ivg.it\/?p=195947"},"modified":"2011-10-07T12:12:41","modified_gmt":"2011-10-07T10:12:41","slug":"carcare-lezione-sul-digitale-terrestre-per-prepararsi-allo-switch-off","status":"publish","type":"post","link":"https:\/\/staging.ivg.it\/2011\/10\/carcare-lezione-sul-digitale-terrestre-per-prepararsi-allo-switch-off\/","title":{"rendered":"Carcare, lezione sul digitale terrestre per prepararsi allo &#8220;switch off&#8221;"},"content":{"rendered":"<p><strong>Carcare.<\/strong> &#8220;Digitale terrestre: istruzioni per l&#8217;uso&#8221;. E&#8217; questo il titolo di un&#8217;iniziativa organizzata dal Circolo Pd di Carcare, che si svolger\u00e0 gioved\u00ec prossimo, 13 ottobre, alle 20,30 nella sala Soms.<\/p>\n<p>&#8220;Approfitteremo della presenza all&#8217;interno del Circolo di un tecnico, Nello Balzano, per un&#8217;iniziativa informativa gratuita a servizio della cittadinanza &#8211; spiega Stefania Berretta, Segretaria del Circolo PD di Carcare &#8211; Secondo il calendario pubblicato nei giorni scorsi, lo &#8216;switch off&#8217;, cio\u00e8 il passaggio dal sistema televisivo attuale al digitale terrestre, a Carcare avverr\u00e0 il prossimo 24 ottobre. Da quel giorno, senza un apposito decoder opportunamente sintonizzato non si potr\u00e0 pi\u00f9 vedere la tv. Non si vedr\u00e0 pi\u00f9 niente. Un problema per tutti, specialmente per le persone anziane&#8221;.<\/p>\n<p>&#8220;La nostra iniziativa va ad affiancarsi alle numerose azioni gi\u00e0 messe in campo dalla Regione che nei mesi scorsi ha formato decine di volontari di Comuni e associazioni, proprio per supportare specialmente la popolazione anziana nel passaggio al digitale terrestre &#8211; continua Berretta &#8211; Con l&#8217;aiuto di slide proiettate con il computer, il tecnico simuler\u00e0 passo passo la sintonizzazione del decoder, mostrando una a una le varie schermate che compariranno sulla tv di casa. E alla fine della &#8216;lezione&#8217; rimarr\u00e0 a disposizione degli intervenuti per rispondere a dubbi, domande e curiosit\u00e0&#8221;.<\/p>\n","protected":false},"excerpt":{"rendered":"<p>Carcare. &#8220;Digitale terrestre: istruzioni per l&#8217;uso&#8221;. E&#8217; questo il titolo di un&#8217;iniziativa organizzata dal Circolo Pd di Carcare, che si svolger\u00e0 gioved\u00ec prossimo, 13 ottobre, alle 20,30 nella sala Soms. &#8220;Approfitteremo della presenza all&#8217;interno del Circolo di un tecnico, Nello Balzano, per un&#8217;iniziativa informativa gratuita a servizio della cittadinanza &#8211; spiega Stefania Berretta, Segretaria del [&hellip;]<\/p>\n","protected":false},"author":13744,"featured_media":0,"comment_status":"open","ping_status":"closed","sticky":false,"template":"","format":"standard","meta":{"footnotes":""},"categories":[],"tags":[85852,2684],"class_list":["post-195947","post","type-post","status-publish","format-standard","hentry","tag-carcare","tag-digitale-terrestre","post_cat_citta-carcare"],"amp_validity":null,"amp_enabled":true,"_links":{"self":[{"href":"https:\/\/staging.ivg.it\/ediapi\/wp\/v2\/posts\/195947","targetHints":{"allow":["GET"]}}],"collection":[{"href":"https:\/\/staging.ivg.it\/ediapi\/wp\/v2\/posts"}],"about":[{"href":"https:\/\/staging.ivg.it\/ediapi\/wp\/v2\/types\/post"}],"author":[{"embeddable":true,"href":"https:\/\/staging.ivg.it\/ediapi\/wp\/v2\/users\/13744"}],"replies":[{"embeddable":true,"href":"https:\/\/staging.ivg.it\/ediapi\/wp\/v2\/comments?post=195947"}],"version-history":[{"count":0,"href":"https:\/\/staging.ivg.it\/ediapi\/wp\/v2\/posts\/195947\/revisions"}],"wp:attachment":[{"href":"https:\/\/staging.ivg.it\/ediapi\/wp\/v2\/media?parent=195947"}],"wp:term":[{"taxonomy":"category","embeddable":true,"href":"https:\/\/staging.ivg.it\/ediapi\/wp\/v2\/categories?post=195947"},{"taxonomy":"post_tag","embeddable":true,"href":"https:\/\/staging.ivg.it\/ediapi\/wp\/v2\/tags?post=195947"}],"curies":[{"name":"wp","href":"https:\/\/api.w.org\/{rel}","templated":true}]}}