{"id":195607,"date":"2011-10-06T12:20:12","date_gmt":"2011-10-06T10:20:12","guid":{"rendered":"http:\/\/www.ivg.it\/?p=195607"},"modified":"2011-10-06T17:10:40","modified_gmt":"2011-10-06T15:10:40","slug":"industria-di-pale-eoliche-a-ferrania-burlando-qui-ce-la-logistica-e-lo-spazio-ideale-compreso-un-possibile-eliporto","status":"publish","type":"post","link":"https:\/\/staging.ivg.it\/2011\/10\/industria-di-pale-eoliche-a-ferrania-burlando-qui-ce-la-logistica-e-lo-spazio-ideale-compreso-un-possibile-eliporto\/","title":{"rendered":"Industria di pale eoliche a Ferrania, Burlando: \u201cQui c\u2019\u00e8 la logistica e lo spazio ideale, compreso un possibile eliporto\u201d"},"content":{"rendered":"<p><strong>Cairo Montenotte<\/strong>. &#8220;Un sogno che \u00e8 pronto a conretizzarsi&#8221;. Cos\u00ec il governatore Claudio Burlando ha definito l&#8217;ipotesi, che sembra pi\u00f9 vicina, di una linea produttiva di pale eoliche a Ferrania. Oggi all&#8217;inaugurazione del nuovo capannone di Solis, la divisione dell&#8217;industria cairese dedicata al fotovoltaico, il presidente regionale \u00e8 tornato a parlare della possibilit\u00e0 del nuovo stabilimento: &#8220;La crisi di Ferrania Technologies \u00e8 dovuta all&#8217;evoluzione e all&#8217;abbandono delle pellicole, quindi non ci si poteva fare nulla. Oggi si apre un nuovo capannone per i pannelli fotovoltaici che ovviamente non satura l&#8217;occupazione di Ferrania, ma d\u00e0 una boccata di ossigeno. Ma l&#8217;ipotesi pi\u00f9 probabile per il rilancio industriale \u00e8 l&#8217;insediamento della produzione di pale eoliche. Stamane abbiamo visto le aree. Ci sono gi\u00e0 tre diversi gruppi disposti a radicare questo business qui: hanno bisogno di grandi spazi e proprio qui possono trovarli&#8221;.<\/p>\n<p>&#8220;Sarebbe impensabile trovare una soluzione logistica migliore per quest&#8217;attivit\u00e0 sul nostro territorio &#8211; ha aggiunto Burlando &#8211; A Cairo c&#8217;\u00e8 la ferrovia, l&#8217;autostrada e non ci sarebbe difficolt\u00e0 a stabilire un eliporto per il trasferimento delle pale eoliche sulle colline. Qui ci sono tutte le condizioni. Siamo confidenti che possa andare in porto&#8221;.<\/p>\n<p>&#8220;Da parte nostra c&#8217;\u00e8 un compito nuovo, quello di cambiare il piano energetico e approfondire la valorizzazione dell&#8217;eolico &#8211; ha proseguito il governatore &#8211; Dobbiamo fare un salto sul fattore scala e cio\u00e8 passare dalle decine alle centinaia di Megawatt. Accompagneremo i Comuni che hanno gi\u00e0 individuato le aree per le installazioni di aerogeneratori, ma individueremo come Regione altre aree dove impiantare anche una quindicina di pale. Se questa operazione riesce, l&#8217;investitore \u00e8 interessato perch\u00e9, chiaramente, come accaduto in Portogallo, questi produttori vanno l\u00e0 dove poi possono installare gli impianti. In Portogallo hanno assunto 1900 persone con una fabbrica completa. L&#8217;idea di un&#8217;area di installazione vasta, dalla Liguria alle zone limitrofe di Piemonte e Toscana, \u00e8 appetibile per chi investe.\u00a0Dovremo trattare con la propriet\u00e0 di Ferrania la cessione delle aree&#8221;.<\/p>\n<p>&#8220;La Regione ha stanziato 31 milioni di euro per le fonti rinnovabili; abbiamo gi\u00e0 avviato il lavoro per il polo dell&#8217;energia, cos\u00ec da avere una base di ricercatori che trasferiscano le conoscenze all&#8217;industria manifatturiera. La Valbormida \u00e8 l&#8217;unica zona della Liguria con due aree, Acna (non ancora disposnibile) e Ferrania, che possono ospitare attivit\u00e0 pulite che costituiranno una forza importante&#8221;.<\/p>\n<p>&#8220;Siamo qui per un tassello importante dell&#8217;economia valbormidese &#8211; ha sottolineato Franscesco Rossello, segretario provinciale della Cgil &#8211; Stiamo aspettando dettagli dal presidente della Regione sulla prospettiva delle pale eoliche, perch\u00e9 sarebbe un passo cruciale per il territorio. In questi anni, dopo tanti annunci, c&#8217;\u00e8 prudenza&#8221;. <\/p>\n<p>&#8220;Il futuro dell&#8217;industria passa anche attraverso l&#8217;ambiente &#8211; ha aggiunto Rossello &#8211; La filiera delle energie rinnovabili e la ricerca sono una mission universale. Poi c&#8217;\u00e8 da gestire quello che gi\u00e0 c&#8217;\u00e8, a partire dal carbone, che deve diventare meno impattante. Abbiamo bisogno che il tunnel degli Alti Fondali entri in funzione e che vengano tolti i camion dalla strada, oltre alla copertura dei parchi funiviari: avremmo cos\u00ec un un impianto all&#8217;avanguardia&#8221;. <\/p>\n","protected":false},"excerpt":{"rendered":"<p>Cairo Montenotte. &#8220;Un sogno che \u00e8 pronto a conretizzarsi&#8221;. Cos\u00ec il governatore Claudio Burlando ha definito l&#8217;ipotesi, che sembra pi\u00f9 vicina, di una linea produttiva di pale eoliche a Ferrania. Oggi all&#8217;inaugurazione del nuovo capannone di Solis, la divisione dell&#8217;industria cairese dedicata al fotovoltaico, il presidente regionale \u00e8 tornato a parlare della possibilit\u00e0 del nuovo [&hellip;]<\/p>\n","protected":false},"author":13744,"featured_media":0,"comment_status":"open","ping_status":"closed","sticky":false,"template":"","format":"standard","meta":{"footnotes":""},"categories":[35,31],"tags":[151,284,1285,597,85992,5180,27518,295],"class_list":["post-195607","post","type-post","status-publish","format-standard","hentry","category-economia","category-politica","tag-cairo","tag-claudio-burlando","tag-energia","tag-eolico","tag-ferrania","tag-fonti-rinnovabili","tag-pale-eoliche","tag-regione","post_cat_citta-andora","post_cat_citta-cairo-montenotte"],"amp_validity":null,"amp_enabled":true,"_links":{"self":[{"href":"https:\/\/staging.ivg.it\/ediapi\/wp\/v2\/posts\/195607","targetHints":{"allow":["GET"]}}],"collection":[{"href":"https:\/\/staging.ivg.it\/ediapi\/wp\/v2\/posts"}],"about":[{"href":"https:\/\/staging.ivg.it\/ediapi\/wp\/v2\/types\/post"}],"author":[{"embeddable":true,"href":"https:\/\/staging.ivg.it\/ediapi\/wp\/v2\/users\/13744"}],"replies":[{"embeddable":true,"href":"https:\/\/staging.ivg.it\/ediapi\/wp\/v2\/comments?post=195607"}],"version-history":[{"count":0,"href":"https:\/\/staging.ivg.it\/ediapi\/wp\/v2\/posts\/195607\/revisions"}],"wp:attachment":[{"href":"https:\/\/staging.ivg.it\/ediapi\/wp\/v2\/media?parent=195607"}],"wp:term":[{"taxonomy":"category","embeddable":true,"href":"https:\/\/staging.ivg.it\/ediapi\/wp\/v2\/categories?post=195607"},{"taxonomy":"post_tag","embeddable":true,"href":"https:\/\/staging.ivg.it\/ediapi\/wp\/v2\/tags?post=195607"}],"curies":[{"name":"wp","href":"https:\/\/api.w.org\/{rel}","templated":true}]}}