{"id":195603,"date":"2011-10-06T12:31:40","date_gmt":"2011-10-06T10:31:40","guid":{"rendered":"http:\/\/www.ivg.it\/?p=195603"},"modified":"2011-10-06T14:23:33","modified_gmt":"2011-10-06T12:23:33","slug":"ferrania-solis-primi-passi-della-nuova-base-del-sole-lazienda-punta-alla-leadership-di-mercato","status":"publish","type":"post","link":"https:\/\/staging.ivg.it\/2011\/10\/ferrania-solis-primi-passi-della-nuova-base-del-sole-lazienda-punta-alla-leadership-di-mercato\/","title":{"rendered":"Ferrania Solis, primi passi della nuova \u201cbase del sole\u201d: l\u2019azienda punta alla leadership di mercato"},"content":{"rendered":"<p><strong>Cairo Montenotte. <\/strong>E&#8217; stata inaugurata questa mattina a Cairo il nuovo capannone per la linea di produzione dei moduli fotovoltaici di Ferrania Solis, alla presenza del presidente della Regione Claudio Burlando.<\/p>\n<p>Un&#8217;occasione, questa, per fare il punto non solo su Solis e lo sviluppo delle rinnovabili ma anche sul complessivo rilancio del sito cairese con un nuovo progetto industriale legato alla produzione di pale eoliche, con la nascita quindi di un polo produttivo in uno di quei settori che la Regione reputa essenziali per il futuro economico ligure. E gli addetti ai lavori hanno parlato anche del futuro dei cassa integrati.<\/p>\n<p>&#8220;Abbiamo demolito il vecchio e fatto posto al nuovo &#8211; esordisce Ernesto Salamoni, amministratore delegato di Ferrania Solis &#8211; Nasce cos\u00ec un nuovo capannone di 8 mila metri quadri dove abbiamo inserito la nostra seconda linea di produzione che porta la nostra capacit\u00e0 totale a 60 Megawatt di potenza, pari a 250 mila pannelli all&#8217;anno da distribuire sul mercato, e che ci permette di diventare leader del settore a livello nazionale. Questo \u00e8 un impianto unico in Liguria e fra i primi cinque in Italia. Inoltre, \u00e8 una struttura gi\u00e0 predisposta a due raddoppi nel corso degli anni. Il mercato \u00e8 interessante, anche se ci sono problemi legati alla concorrenza sleale a livello internazionale. Ci aspettiamo un&#8217;azione del governo in questo senso. L&#8217;occupazione attuale \u00e8 di 75 posti di lavoro che potrebbero arrivare a 121, ma questa prospettiva \u00e8 collegata alla necessit\u00e0 di poter lavorare correttamente sul mercato. Tra di noi, chiamiamo gi\u00e0 questa la &#8216;base del sole&#8217; con i suoi 5 impianti fotovoltaici in azione oltre agli impianti di produzione di pannelli&#8221;.<\/p>\n<p>&#8220;Oggi \u00e8 iniziato un processo di modernizzazione di vecchi impianti &#8211; dice Stefano Messina, vicepresidente di Ferrania Solis &#8211; Sugli sviluppi futuri, anche dell&#8217;eolico, vi sono al momento solo ipotesi. Il filone delle energie pulite \u00e8 comunque promettente. Abbiamo messo in campo nuove risorse manageriali e umane. Si tratta di un investimento a lungo termine in un nuovo segmento industriale. Per quanto riguarda il riassorbimento dei lavoratori da parte nostra sono in atto grossi sforzi per poter porre le premesse a ci\u00f2 e ridare un futuro stabile ai dipendenti. Sappiamo che le buone intenzioni non sono sufficienti, ma i nostri programmi sono chiari e concreti, e questo \u00e8 un buon inizio&#8221;.<\/p>\n<p>Per realizzare la nuova fabbrica fotovoltaica inaugurata oggi a Cairo Montenotte dal presidente della Regione Liguria, Claudio Burlando, sono state necessarie al gruppo Ferrania Solis tre tappe, che hanno permesso alla societ\u00e0 di sviluppare una capacit\u00e0 produttiva da 60 Mw\/anno. Lo ha precisato il presidente di Ferrania Solis, Andrea Gais: &#8220;Nel gennaio 2010 &#8211; ha spiegato &#8211; \u00e8 stata realizzata una linea di produzione con una capacit\u00e0 produttiva fino a 17 Mw\/anno; nel settembre dello stesso anno si \u00e8 chiusa la seconda fase, con un aumento della capacit\u00e0 produttiva a 23 mw\/anno. La terza fase \u00e8 stata attuata nel giugno di quest&#8217;anno quando \u00e8 stata completata la realizzazione di un nuovo fabbricato da 8 mila metri quadrati e contestualmente \u00e8 stata realizzata una nuova linea di produzione con una espansione della capacit\u00e0 totale fino a 60 mw\/anno&#8221;. <\/p>\n<p>&#8220;La nostra azienda, tra l&#8217;altro, ha conseguito la qualificazione per svolgere interventi pubblici certificati e il riconoscimento Iso 9001:2008 per installare impianti fotovoltaici. I nostri pannelli sono stati impiegati per il primo impianto fotovoltaico nel porto di Genova&#8221; ha detto Gais. &#8220;Il progetto &#8211; ha precisato &#8211; rappresenta la prima iniziativa fotovoltaica tra quelle previste dal piano energetico ambientale portuale&#8221;. L&#8217;impianto ha una potenza di circa 200 kwp ed \u00e8 in grado di produrre oltre 230 mila Kwh\/anno&#8221;.<\/p>\n","protected":false},"excerpt":{"rendered":"<p>Cairo Montenotte. E&#8217; stata inaugurata questa mattina a Cairo il nuovo capannone per la linea di produzione dei moduli fotovoltaici di Ferrania Solis, alla presenza del presidente della Regione Claudio Burlando. Un&#8217;occasione, questa, per fare il punto non solo su Solis e lo sviluppo delle rinnovabili ma anche sul complessivo rilancio del sito cairese con [&hellip;]<\/p>\n","protected":false},"author":13744,"featured_media":0,"comment_status":"open","ping_status":"closed","sticky":false,"template":"","format":"standard","meta":{"footnotes":""},"categories":[35],"tags":[151,15280,892],"class_list":["post-195603","post","type-post","status-publish","format-standard","hentry","category-economia","tag-cairo","tag-ferrania-solis","tag-fotovoltaico","post_cat_citta-cairo-montenotte"],"amp_validity":null,"amp_enabled":true,"_links":{"self":[{"href":"https:\/\/staging.ivg.it\/ediapi\/wp\/v2\/posts\/195603","targetHints":{"allow":["GET"]}}],"collection":[{"href":"https:\/\/staging.ivg.it\/ediapi\/wp\/v2\/posts"}],"about":[{"href":"https:\/\/staging.ivg.it\/ediapi\/wp\/v2\/types\/post"}],"author":[{"embeddable":true,"href":"https:\/\/staging.ivg.it\/ediapi\/wp\/v2\/users\/13744"}],"replies":[{"embeddable":true,"href":"https:\/\/staging.ivg.it\/ediapi\/wp\/v2\/comments?post=195603"}],"version-history":[{"count":0,"href":"https:\/\/staging.ivg.it\/ediapi\/wp\/v2\/posts\/195603\/revisions"}],"wp:attachment":[{"href":"https:\/\/staging.ivg.it\/ediapi\/wp\/v2\/media?parent=195603"}],"wp:term":[{"taxonomy":"category","embeddable":true,"href":"https:\/\/staging.ivg.it\/ediapi\/wp\/v2\/categories?post=195603"},{"taxonomy":"post_tag","embeddable":true,"href":"https:\/\/staging.ivg.it\/ediapi\/wp\/v2\/tags?post=195603"}],"curies":[{"name":"wp","href":"https:\/\/api.w.org\/{rel}","templated":true}]}}