{"id":195179,"date":"2011-10-04T17:51:10","date_gmt":"2011-10-04T15:51:10","guid":{"rendered":"http:\/\/www.ivg.it\/?p=195179"},"modified":"2011-10-04T19:20:26","modified_gmt":"2011-10-04T17:20:26","slug":"football-americano-al-via-il-campionato-under-18-con-i-pirates-savona","status":"publish","type":"post","link":"https:\/\/staging.ivg.it\/2011\/10\/football-americano-al-via-il-campionato-under-18-con-i-pirates-savona\/","title":{"rendered":"Football americano: al via il campionato Under 18 con i Pirates Savona"},"content":{"rendered":"<p><strong>Savona<\/strong>. Nel fine settimana appena trascorso ha preso il via il campionato Under 18 di football americano. Ventuno i team al via suddivisi in cinque gironi, in rappresentanza di quasi tutte le regioni, che danno la misura di quanto il football americano in Italia sia in trend positivo, soprattutto a livello giovanile.<\/p>\n<p>A far parte di questi team anche i Pirates Savona che, per la prima volta nella loro storia, schierano un team Under 18 in un campionato nazionale. &#8220;E&#8217; come aver gi\u00e0 vinto uno scudetto &#8211; esordisce il diesse Eugenio Meini -. Anni di lavoro con i giovani, una splendida Under 15 due anni fa, alcuni momenti difficili, ma la tenacia ed una attenta programmazione ci hanno portato a questo ennesimo tassello importantissimo&#8221;.<\/p>\n<p>I savonesi del presidente Giacchello esordiranno sabato 8 ottobre al Ruffinengo di Legino contro i Predatori Golfo del Tigullio. &#8220;Sar\u00e0 subito derby &#8211; incalza Meini &#8211; per dare subito emozione a questo campionato. Naturalmente i valori dei team non si conoscono ancora bene e quindi sar\u00e0 tutta un incognita almeno per le prime battute&#8221;.<\/p>\n<p>Alla guida dei blu sar\u00e0 ancora Nico Amoroso, affiancato da Michele De Cunsolo a dirigere la difesa. &#8220;Senza retorica ne pretattica scenderemo in campo per il risultato &#8211; affermano all&#8217;unisono i due coaches -, sarebbe sciocco il contrario. E questo indipendentemente dall&#8217;avversario. Dobbiamo fare esperienza e crescere e altri sistemi non esistono. Alla fine, come sempre si conteranno i punti&#8221;.<\/p>\n<p>Ultima settimana di lavoro dunque per i Pirates Under 18 proprio in concomitanza con l&#8217;inizio della preparazione dei fratelli maggiori della senior, quest&#8217;anno chiamati a bissare il prestigioso cammino dello scorso campionato. Si entra quindi nel vivo per il football americano savonese e senza soluzione di continuit\u00e0 si lavorer\u00e0 fino a giugno. Il kickoff \u00e8 alle ore 20,30, contemporaneamente all&#8217;altro incontro del girone B tra i Giaguari Torino e i Seahawks Versilia.<\/p>\n<p><em>Nella foto<\/em>: coach De Cunsolo, un importante rientro in casa Pirates.<\/p>\n","protected":false},"excerpt":{"rendered":"<p>Savona. Nel fine settimana appena trascorso ha preso il via il campionato Under 18 di football americano. Ventuno i team al via suddivisi in cinque gironi, in rappresentanza di quasi tutte le regioni, che danno la misura di quanto il football americano in Italia sia in trend positivo, soprattutto a livello giovanile. A far parte [&hellip;]<\/p>\n","protected":false},"author":13744,"featured_media":0,"comment_status":"open","ping_status":"closed","sticky":false,"template":"","format":"standard","meta":{"footnotes":""},"categories":[32],"tags":[4620,4617,5575],"class_list":["post-195179","post","type-post","status-publish","format-standard","hentry","category-sport","tag-football-americano","tag-pirates-savona","tag-under-18","post_cat_citta-savona"],"amp_validity":null,"amp_enabled":true,"_links":{"self":[{"href":"https:\/\/staging.ivg.it\/ediapi\/wp\/v2\/posts\/195179","targetHints":{"allow":["GET"]}}],"collection":[{"href":"https:\/\/staging.ivg.it\/ediapi\/wp\/v2\/posts"}],"about":[{"href":"https:\/\/staging.ivg.it\/ediapi\/wp\/v2\/types\/post"}],"author":[{"embeddable":true,"href":"https:\/\/staging.ivg.it\/ediapi\/wp\/v2\/users\/13744"}],"replies":[{"embeddable":true,"href":"https:\/\/staging.ivg.it\/ediapi\/wp\/v2\/comments?post=195179"}],"version-history":[{"count":0,"href":"https:\/\/staging.ivg.it\/ediapi\/wp\/v2\/posts\/195179\/revisions"}],"wp:attachment":[{"href":"https:\/\/staging.ivg.it\/ediapi\/wp\/v2\/media?parent=195179"}],"wp:term":[{"taxonomy":"category","embeddable":true,"href":"https:\/\/staging.ivg.it\/ediapi\/wp\/v2\/categories?post=195179"},{"taxonomy":"post_tag","embeddable":true,"href":"https:\/\/staging.ivg.it\/ediapi\/wp\/v2\/tags?post=195179"}],"curies":[{"name":"wp","href":"https:\/\/api.w.org\/{rel}","templated":true}]}}