{"id":194188,"date":"2011-09-30T18:54:18","date_gmt":"2011-09-30T16:54:18","guid":{"rendered":"http:\/\/www.ivg.it\/?p=194188"},"modified":"2011-10-01T11:01:58","modified_gmt":"2011-10-01T09:01:58","slug":"erli-eolico","status":"publish","type":"post","link":"https:\/\/staging.ivg.it\/2011\/09\/erli-eolico\/","title":{"rendered":"Inaugurato il parco eolico di Erli: la Regione punta al \u201cgrande salto\u201d sulle rinnovabili"},"content":{"rendered":"<p><strong>Erli<\/strong>. &#8220;Proprio ieri hanno visto cerbiatti che brucavano l&#8217;erba ripiantumata dall&#8217;impresa&#8221;. Il sindaco di Erli, Candido Carretto, rimarca come l&#8217;installazione degli aerogeneratore sulla collina del paese abbia migliorato l&#8217;ambiente. &#8220;Questo intervento ha visto un ripristino dell&#8217;ecosistema ambientale. Le due torri sono state costruite dove vi erano due cave di pietra e adesso l&#8217;area \u00e8 stata recuperata alla sua dimensione naturale. Ci auguriamo che il parco eolico possa essere ampliato, perch\u00e9 significa unire due obiettivi: fornire energia pulita e creare posti di lavoro. E, certamente, non \u00e8 poco per un Comune come il nostro, soprattutto in questi momenti critici per le risorse finanziarie, portare in cassa il 5% dell&#8217;energie prodotta: soltanto quest&#8217;anno sono stati 20 mila&#8221;.<\/p>\n<p>Le pale eoliche sul crinale tra Bric Schenasso e Monte Lingo hanno una potenza di 850 kW. Si raggiungono dalla Provinciale per Bardineto e dalla strada parzialmente sterrata che parte in<br \/>\ncorrispondenza della ex casa cantoniera di Colle Scravaion e giunge fino a Bric Schenasso. Sono solo parzialmente visibili dai paesi pi\u00f9 a valle. &#8220;Sono impianti che si vedono, ma anche provvisori, perch\u00e9 dopo 20 anni esauriscono il loro ciclo di vita e possono essere rimossi &#8211; spiega l&#8217;ingegner Enrico Pregliasco &#8211; Danno alla collettivit\u00e0 la possibilit\u00e0 di avere energia pulita e la Liguria, contrariamente a quanto si credeva, \u00e8 una buona regione per l&#8217;eolico con i suoi crinali di prima fascia. Si tratta di impianti con una componentistica, inoltre, del tutto riciclabile. Per la realizzazione di un parco eolico la fase costruttiva \u00e8 davvero breve e sproporzionata rispetto alla fase burocratica, che \u00e8 pi\u00f9 lunga&#8221;.<\/p>\n<p>Il governatore regionale Claudio Burlando era presente all&#8217;inaugurazione (di fatto l&#8217;impianto \u00e8 attivo da tempo, dal gennaio 2010). &#8220;Non \u00e8 grandissimo per la potenza nominale, ma efficace, che dar\u00e0 al Comune di Erli un guadagno annuale di 25 mila euro su un bilancio di 300 mila &#8211; osserva il presidente Burlando &#8211; Siamo ancora in una fase in cui poniamo &#8216;simboli&#8217; sul territorio, anche se ormai, tra autorizzato e installato, siamo a 60 MW mentre tre anni fa eravamo a 3 MW. Adesso vogliamo fare il salto, passando dalle decine alle centinaia di Megawatt, sino a raggiungere la potenza pari a quella prodotta da una centrale a turbogas&#8221;.<\/p>\n<p>Burlando sar\u00e0 a Cairo Montenotte il 6 ottobre per l\u2019inaugurazione del nuovo capannone di Ferrania Solis, la linea del gruppo Messina dedicata ai pannelli fotovoltaici. &#8220;Contiamo nell&#8217;inserimento di un&#8217;attivit\u00e0 di produzione di pale eoliche nelle aree Ferrania &#8211; ribadisce il governatore &#8211; Sono confidente che il mercato e gli investitori lo vogliano. Si tratta di una scommessa molto grande di tipo manifatturiero ed energetico, che darebbe lavoro a tanta gente, a partire da quelli che erano dipendenti di Ferrania. Uno sbocco per queste pale eoliche sarebbe anche per il territorio ligure: per dare un&#8217;idea, si pu\u00f2 stimare un numero di 200 o 300 pale anche di grandi dimensioni&#8221;.<\/p>\n","protected":false},"excerpt":{"rendered":"<p>Erli. &#8220;Proprio ieri hanno visto cerbiatti che brucavano l&#8217;erba ripiantumata dall&#8217;impresa&#8221;. Il sindaco di Erli, Candido Carretto, rimarca come l&#8217;installazione degli aerogeneratore sulla collina del paese abbia migliorato l&#8217;ambiente. &#8220;Questo intervento ha visto un ripristino dell&#8217;ecosistema ambientale. Le due torri sono state costruite dove vi erano due cave di pietra e adesso l&#8217;area \u00e8 stata [&hellip;]<\/p>\n","protected":false},"author":13744,"featured_media":0,"comment_status":"open","ping_status":"closed","sticky":false,"template":"","format":"standard","meta":{"footnotes":""},"categories":[],"tags":[284,1285,597,85906,10037],"class_list":["post-194188","post","type-post","status-publish","format-standard","hentry","tag-claudio-burlando","tag-energia","tag-eolico","tag-erli","tag-rinnovabili","post_cat_citta-erli"],"amp_validity":null,"amp_enabled":true,"_links":{"self":[{"href":"https:\/\/staging.ivg.it\/ediapi\/wp\/v2\/posts\/194188","targetHints":{"allow":["GET"]}}],"collection":[{"href":"https:\/\/staging.ivg.it\/ediapi\/wp\/v2\/posts"}],"about":[{"href":"https:\/\/staging.ivg.it\/ediapi\/wp\/v2\/types\/post"}],"author":[{"embeddable":true,"href":"https:\/\/staging.ivg.it\/ediapi\/wp\/v2\/users\/13744"}],"replies":[{"embeddable":true,"href":"https:\/\/staging.ivg.it\/ediapi\/wp\/v2\/comments?post=194188"}],"version-history":[{"count":0,"href":"https:\/\/staging.ivg.it\/ediapi\/wp\/v2\/posts\/194188\/revisions"}],"wp:attachment":[{"href":"https:\/\/staging.ivg.it\/ediapi\/wp\/v2\/media?parent=194188"}],"wp:term":[{"taxonomy":"category","embeddable":true,"href":"https:\/\/staging.ivg.it\/ediapi\/wp\/v2\/categories?post=194188"},{"taxonomy":"post_tag","embeddable":true,"href":"https:\/\/staging.ivg.it\/ediapi\/wp\/v2\/tags?post=194188"}],"curies":[{"name":"wp","href":"https:\/\/api.w.org\/{rel}","templated":true}]}}