{"id":193897,"date":"2011-09-29T16:18:36","date_gmt":"2011-09-29T14:18:36","guid":{"rendered":"http:\/\/www.ivg.it\/?p=193897"},"modified":"2011-09-29T17:07:27","modified_gmt":"2011-09-29T15:07:27","slug":"regione-burlando-domani-in-visita-a-erli-e-zuccarello","status":"publish","type":"post","link":"https:\/\/staging.ivg.it\/2011\/09\/regione-burlando-domani-in-visita-a-erli-e-zuccarello\/","title":{"rendered":"Regione, Burlando domani in visita a Erli e Zuccarello"},"content":{"rendered":"<p><strong>Regione<\/strong>. Il presidente della Regione Liguria Claudio Burlando sar\u00e0 domani, venerd\u00ec 30 settembre, nel savonese. Alle 15.30 Burlando sar\u00e0 a Erli dove parteciper\u00e0 all\u2019inaugurazione dell\u2019impianto eolico in localit\u00e0 Bric Schenasso. <\/p>\n<p>Alle 17 il presidente visiter\u00e0 Zuccarello dove effettuer\u00e0 anche un sopralluogo ai lavori del Castello.<\/p>\n","protected":false},"excerpt":{"rendered":"<p>Regione. Il presidente della Regione Liguria Claudio Burlando sar\u00e0 domani, venerd\u00ec 30 settembre, nel savonese. Alle 15.30 Burlando sar\u00e0 a Erli dove parteciper\u00e0 all\u2019inaugurazione dell\u2019impianto eolico in localit\u00e0 Bric Schenasso. Alle 17 il presidente visiter\u00e0 Zuccarello dove effettuer\u00e0 anche un sopralluogo ai lavori del Castello.<\/p>\n","protected":false},"author":13744,"featured_media":0,"comment_status":"open","ping_status":"closed","sticky":false,"template":"","format":"standard","meta":{"footnotes":""},"categories":[],"tags":[284,85906,223,85969],"class_list":["post-193897","post","type-post","status-publish","format-standard","hentry","tag-claudio-burlando","tag-erli","tag-regione-liguria","tag-zuccarello","post_cat_citta-erli","post_cat_citta-zuccarello"],"amp_validity":null,"amp_enabled":true,"_links":{"self":[{"href":"https:\/\/staging.ivg.it\/ediapi\/wp\/v2\/posts\/193897","targetHints":{"allow":["GET"]}}],"collection":[{"href":"https:\/\/staging.ivg.it\/ediapi\/wp\/v2\/posts"}],"about":[{"href":"https:\/\/staging.ivg.it\/ediapi\/wp\/v2\/types\/post"}],"author":[{"embeddable":true,"href":"https:\/\/staging.ivg.it\/ediapi\/wp\/v2\/users\/13744"}],"replies":[{"embeddable":true,"href":"https:\/\/staging.ivg.it\/ediapi\/wp\/v2\/comments?post=193897"}],"version-history":[{"count":0,"href":"https:\/\/staging.ivg.it\/ediapi\/wp\/v2\/posts\/193897\/revisions"}],"wp:attachment":[{"href":"https:\/\/staging.ivg.it\/ediapi\/wp\/v2\/media?parent=193897"}],"wp:term":[{"taxonomy":"category","embeddable":true,"href":"https:\/\/staging.ivg.it\/ediapi\/wp\/v2\/categories?post=193897"},{"taxonomy":"post_tag","embeddable":true,"href":"https:\/\/staging.ivg.it\/ediapi\/wp\/v2\/tags?post=193897"}],"curies":[{"name":"wp","href":"https:\/\/api.w.org\/{rel}","templated":true}]}}