{"id":193760,"date":"2011-09-29T12:39:04","date_gmt":"2011-09-29T10:39:04","guid":{"rendered":"http:\/\/www.ivg.it\/?p=193760"},"modified":"2011-09-29T18:44:19","modified_gmt":"2011-09-29T16:44:19","slug":"turismo-gli-albergatori-lanciano-fly-drive-auto-gratuita-per-i-turisti-scelgono-la-liguria","status":"publish","type":"post","link":"https:\/\/staging.ivg.it\/2011\/09\/turismo-gli-albergatori-lanciano-fly-drive-auto-gratuita-per-i-turisti-scelgono-la-liguria\/","title":{"rendered":"Gli albergatori lanciano \u201cFly &#038; Drive\u201d: auto gratuita per i turisti scelgono la Liguria"},"content":{"rendered":"<p><strong>Savona<\/strong>. Volare e guidare, un connubio che diventa risparmioso grazie ad un apposito progetto di incoraggiamento turistico con il placet, ma anche la compartecipazione economica ed attiva, degli albergatori. La ricetta per fronteggiare il momento di crisi e rilanciare il settore ricettivo \u00e8 stata presentata stamane in Regione, a cura dei soggetti promotori Federalberghi &#8211; Confcommercio Urlat Liguria e Unione Albergatori Savonesi, condivisa da Confesercenti, Confindustria Genova, Confartigianato e Cna.<\/p>\n<p>E&#8217; il concetto del &#8220;Fly &amp; Drive&#8221;: l&#8217;offerta prevede che i turisti che decideranno di trascorrere almeno una settimana di vacanza in Liguria avranno gratuitamente il noleggio della macchina per tutto il periodo del loro soggiorno presso una delle strutture ricettive liguri. Per attivare la promozione sar\u00e0 necessario dimostrare, al momento della prenotazione dell&#8217;hotel, l&#8217;arrivo in un qualsiasi scalo aeroportuale italiano. L&#8217;iniziativa sar\u00e0 operativa a partire dalla primavera 2012.<\/p>\n<p>L&#8217;accordo \u00e8 stato sottoscritto con le principali societ\u00e0 di noleggio operanti in Italia: Hertz, Avis e Europcar, ma al momento sono in corso analoghe trattative per inserire nell&#8217;accordo anche lo scalo di Nizza. &#8220;Noi ci facciamo carico delle spese del noleggio &#8211; spiegano gli albergatori &#8211; tutti gli altri esborsi come benzina, autostrada ed eventuali danni restano onere del turista. Il pronostico per il primo anno \u00e8 molto cauto, ci aspettiamo dai 1000 ai 1500 noleggi&#8221;. &#8220;Gli alberghi si autotassano per finanziare questa iniziativa unica al mondo&#8221; rimarca Americo Pilati, presidente di Federalberghi Liguria. &#8220;Ci siamo resi conto &#8211; osserva &#8211; che in Liguria le infrastrutture sono carenti. Che senso ha atterrare a Genova, per esempio, se poi non ci sono treni o altri mezzi per raggiungere gli altri posti? Con Fly &#038; Drive abbiamo voluto sopperire anche a questa mancanza&#8221;.<\/p>\n<p>&#8220;Questa \u00e8 una bellissima idea che, dal punto di vista istituzionale, siamo stati felicissimi di sostenere &#8211; spiega Angelo Berlangieri, assessore regionale al turismo &#8211; Come Regione ci occuperemo di veicolare la promozione nelle nostre campagne promozionali. Ci tengo per\u00f2 a mettere in evidenza come per la prima volta tutte le sigle imprenditoriali e sindacali operanti sul territorio abbiano fatto sistema per dare vita ad un&#8217;importante iniziativa come quella che stiamo ufficializzando oggi&#8221;.<\/p>\n<p>L&#8217;assessore Berlangieri auspica, inoltre, &#8220;che venga attivato un protocollo tra i Comuni che intendono partecipare e che ai turisti venga riconosciuto lo sconto della striscia blu, sollevandoli dal pagamento dei parcheggi&#8221;.<\/p>\n<p>Cos\u00ec Franca Cappelluto, presidente dell&#8217;Unione Provinciale Albergatori di Savona: &#8220;Ci siamo messi in discussione per partire con un progetto unico ed innovativo. Lo facciamo con la sinergia di tutte le sigle del settore, dimostrando unit\u00e0 di intenti. Vogliamo offrire ai nostri ospiti l&#8217;occasione della vera accessibilit\u00e0 al territorio, che \u00e8 cronicamente un nostro grande problema. Senza questo tipo di accessibilit\u00e0 il nostro territorio viene tagliato fuori dal sistema turistico internazionale&#8221;.<\/p>\n<p>&#8220;Quando i tempi si fanno difficili, il gioco di squadra diventa fondamentale, per questo siamo tutti uniti nel promuovere questa iniziativa &#8211; conclude Franca Cappelluto &#8211; Intorno a questo tavolo stamane ci siamo ritrovati tutti, in un momento condiviso per un settore trainante dell&#8217;economia ligure&#8221;.<\/p>\n","protected":false},"excerpt":{"rendered":"<p>Savona. Volare e guidare, un connubio che diventa risparmioso grazie ad un apposito progetto di incoraggiamento turistico con il placet, ma anche la compartecipazione economica ed attiva, degli albergatori. La ricetta per fronteggiare il momento di crisi e rilanciare il settore ricettivo \u00e8 stata presentata stamane in Regione, a cura dei soggetti promotori Federalberghi &#8211; [&hellip;]<\/p>\n","protected":false},"author":13744,"featured_media":0,"comment_status":"open","ping_status":"closed","sticky":false,"template":"","format":"standard","meta":{"footnotes":""},"categories":[35],"tags":[834,466,15517,4951,5863,1054,482,691,107,6191],"class_list":["post-193760","post","type-post","status-publish","format-standard","hentry","category-economia","tag-aereo","tag-albergatori","tag-angelo-berlangieri","tag-federalberghi","tag-franca-cappelluto","tag-guida","tag-mobilita","tag-parcheggi","tag-turismo","tag-upa","post_cat_citta-savona"],"amp_validity":null,"amp_enabled":true,"_links":{"self":[{"href":"https:\/\/staging.ivg.it\/ediapi\/wp\/v2\/posts\/193760","targetHints":{"allow":["GET"]}}],"collection":[{"href":"https:\/\/staging.ivg.it\/ediapi\/wp\/v2\/posts"}],"about":[{"href":"https:\/\/staging.ivg.it\/ediapi\/wp\/v2\/types\/post"}],"author":[{"embeddable":true,"href":"https:\/\/staging.ivg.it\/ediapi\/wp\/v2\/users\/13744"}],"replies":[{"embeddable":true,"href":"https:\/\/staging.ivg.it\/ediapi\/wp\/v2\/comments?post=193760"}],"version-history":[{"count":0,"href":"https:\/\/staging.ivg.it\/ediapi\/wp\/v2\/posts\/193760\/revisions"}],"wp:attachment":[{"href":"https:\/\/staging.ivg.it\/ediapi\/wp\/v2\/media?parent=193760"}],"wp:term":[{"taxonomy":"category","embeddable":true,"href":"https:\/\/staging.ivg.it\/ediapi\/wp\/v2\/categories?post=193760"},{"taxonomy":"post_tag","embeddable":true,"href":"https:\/\/staging.ivg.it\/ediapi\/wp\/v2\/tags?post=193760"}],"curies":[{"name":"wp","href":"https:\/\/api.w.org\/{rel}","templated":true}]}}