{"id":192790,"date":"2011-09-26T13:10:52","date_gmt":"2011-09-26T11:10:52","guid":{"rendered":"http:\/\/www.ivg.it\/?p=192790"},"modified":"2011-09-26T15:42:13","modified_gmt":"2011-09-26T13:42:13","slug":"standard-poors-declassa-rating-liguria-rossetti-a-secco-di-trasferimenti-con-la-mezza-bufala-del-federalismo","status":"publish","type":"post","link":"https:\/\/staging.ivg.it\/2011\/09\/standard-poors-declassa-rating-liguria-rossetti-a-secco-di-trasferimenti-con-la-mezza-bufala-del-federalismo\/","title":{"rendered":"Standard &#038; Poor\u2019s declassa rating Liguria, Rossetti: \u201cA secco di trasferimenti con la mezza bufala del federalismo\u201d"},"content":{"rendered":"<p><strong>Regione<\/strong>. Da Standard and Poor&#8217;s una sonora bocciatura per la Regione Liguria, declassata, insieme alla citt\u00e0 di Genova e ad altri dieci enti locali, da A+ ad A, con un outlook negativo. Una bastonata certificata dall&#8217;agenzia internazionale di valutazione dell&#8217;affidabilit\u00e0 creditizia che arriva dopo il taglio del giudizio sul debito sovrano della scorsa settimana. &#8220;Il federalismo fiscale si \u00e8 rivelato una mezza bufala &#8211; amplia il discorso l&#8217;assessore regionale al bilancio, Pippo Rossetti, commentando la sforbiciata &#8211; Ci voglio fare applicare tasse senza farci arrivare trasferimenti. Abbiamo difficolt\u00e0 non a gestire il nostro debito, ma sostenere il territorio su opere pubbliche e investimenti, quindi lo sviluppo dell&#8217;economia territoriale&#8221;. <\/p>\n<p>&#8220;La ricaduta su di noi discende direttamente dai mancati trasferimenti dallo Stato &#8211; prosegue l&#8217;assessore &#8211; Non potendo battere cassa n\u00e9 imporre tasse, dobbiamo drasticamente ridurre l&#8217;erogazione delle risorse: ai Comuni per i servizi sociali, a Trenitalia per i trasporti, alle aziende di trasporto per gli autobus; tutto ci\u00f2 che \u00e8 un servizio per i liguri dal prossimo gennaio non pu\u00f2 essere garantito con la nostra compartecipazione&#8221;.<\/p>\n<p>&#8220;Perch\u00e9 non \u00e8 stata inserita la patrimoniale vincolata agli investimenti? Perch\u00e9 non \u00e8 stata fatta la manovra qualche anno fa per far emergere l&#8217;evasione fiscale? &#8211; continua il ragionamento di Rossetti &#8211; C&#8217;\u00e8 una proposta della Svizzera di tassare i capitali che gli italiani hanno nascosto nel loro Paese, eppure il ministro Tremonti non riceve i rappresentanti del governo elvetico e poi noi dobbiamo dire ai nostri cittadini che dobbiamo ridurre i servizi: tutto questo \u00e8 inaccettabile&#8221;. <\/p>\n<p>Secondo l&#8217;assessore ligure, il downgrade decretato dall&#8217;agenzia di rating non sarebbe totalmente negativo. &#8220;Ci viene comunque riconosciuta una buona gestione del debito &#8211; spiega &#8211; Non \u00e8 una valutazione negativa del bilancio regionale di per s\u00e9. La Regione Liguria \u00e8 dentro alla spesa pubblica e alle difficolt\u00e0 a ripartire nello sviluppo, quindi si riducono tutti i rating degli enti che sono sotto il bilancio nazionale. Sono invece pi\u00f9 fortemente preoccupato dell&#8217;andamento generale dell&#8217;enonomia del Paese. Non ci sono riforme, n\u00e9 nell&#8217;entrate n\u00e9 nelle uscite, lo dicono non solo le Regioni a statuta ordinario come la nostra, ma anche Province e Comuni, lo dice Emma Marcegaglia e altri che non possono essere tacciati di disfattismo&#8221;. <\/p>\n<p>&#8220;La sfiducia dei mercati deriva da una sfiducia della politica &#8211; conclude Rossetti &#8211; Standard and Poor&#8217;s lancia un segnale negativo, come aveva lanciato prima della catastrofe greca&#8221;. <\/p>\n","protected":false},"excerpt":{"rendered":"<p>Regione. Da Standard and Poor&#8217;s una sonora bocciatura per la Regione Liguria, declassata, insieme alla citt\u00e0 di Genova e ad altri dieci enti locali, da A+ ad A, con un outlook negativo. Una bastonata certificata dall&#8217;agenzia internazionale di valutazione dell&#8217;affidabilit\u00e0 creditizia che arriva dopo il taglio del giudizio sul debito sovrano della scorsa settimana. &#8220;Il [&hellip;]<\/p>\n","protected":false},"author":13744,"featured_media":0,"comment_status":"open","ping_status":"closed","sticky":false,"template":"","format":"standard","meta":{"footnotes":""},"categories":[35,31],"tags":[1360,85837,737,1817,393,562,295,33200],"class_list":["post-192790","post","type-post","status-publish","format-standard","hentry","category-economia","category-politica","tag-bilancio","tag-economia","tag-genova","tag-industria","tag-liguria","tag-rating","tag-regione","tag-standard-poors","post_cat_citta-andora","post_cat_citta-savona"],"amp_validity":null,"amp_enabled":true,"_links":{"self":[{"href":"https:\/\/staging.ivg.it\/ediapi\/wp\/v2\/posts\/192790","targetHints":{"allow":["GET"]}}],"collection":[{"href":"https:\/\/staging.ivg.it\/ediapi\/wp\/v2\/posts"}],"about":[{"href":"https:\/\/staging.ivg.it\/ediapi\/wp\/v2\/types\/post"}],"author":[{"embeddable":true,"href":"https:\/\/staging.ivg.it\/ediapi\/wp\/v2\/users\/13744"}],"replies":[{"embeddable":true,"href":"https:\/\/staging.ivg.it\/ediapi\/wp\/v2\/comments?post=192790"}],"version-history":[{"count":0,"href":"https:\/\/staging.ivg.it\/ediapi\/wp\/v2\/posts\/192790\/revisions"}],"wp:attachment":[{"href":"https:\/\/staging.ivg.it\/ediapi\/wp\/v2\/media?parent=192790"}],"wp:term":[{"taxonomy":"category","embeddable":true,"href":"https:\/\/staging.ivg.it\/ediapi\/wp\/v2\/categories?post=192790"},{"taxonomy":"post_tag","embeddable":true,"href":"https:\/\/staging.ivg.it\/ediapi\/wp\/v2\/tags?post=192790"}],"curies":[{"name":"wp","href":"https:\/\/api.w.org\/{rel}","templated":true}]}}