{"id":191704,"date":"2011-09-22T12:14:50","date_gmt":"2011-09-22T10:14:50","guid":{"rendered":"http:\/\/www.ivg.it\/?p=191704"},"modified":"2011-09-22T13:53:35","modified_gmt":"2011-09-22T11:53:35","slug":"il-vecchio-satellite-pronto-ad-esplodere-la-liguria-nel-mirino-dei-frammenti","status":"publish","type":"post","link":"https:\/\/staging.ivg.it\/2011\/09\/il-vecchio-satellite-pronto-ad-esplodere-la-liguria-nel-mirino-dei-frammenti\/","title":{"rendered":"Il vecchio satellite pronto ad esplodere: la Liguria nel mirino dei frammenti"},"content":{"rendered":"<p><strong>Liguria.<\/strong> Terr\u00e0 i pi\u00f9 informati con gli occhi puntati al cielo e anche con un po&#8217; di apprensione. Pochi sanno che il vecchio satellita Uars, che domani rientrer\u00e0 nell&#8217;orbita terrestre, esploder\u00e0 in frammenti che potranno abbattersi a terra. Anche in Liguria, regione che il velivolo spaziale abitualmente sorvola.<\/p>\n<p>Una possibilit\u00e0 su 3200: questo il rischio della caduta al suolo di componenti. Uno scenario confermato dalle agenzie spaziali che ha indotto la Protezione Civile e il capo dipartimento Franco Gabrielli a convocare per oggi un comitato operativo.<\/p>\n<p>Uars, acronimo per Upper Atmosphere Research Satellite, era stato lanciato in orbita dalla Nasa nel 1991 per raccogliere i dati sulla fascia di ozono che protegge la Terra, e dal 2005 non \u00e8 pi\u00f9 operativo. Ora fa parte della cosiddetta spazzatura dello spazio. Con le sue 6 tonnellate comincer\u00e0, durante il rientro previsto per domani, il processo di combustione: a quel punto 26 dei suoi componenti non completamente distrutti potrebbero raggiungere il suolo terrestre disperdendosi in un raggio stimato di 800 chilometri, comprendente la Liguria.<\/p>\n<p>I rischi per la popolazione sono minimi, ma bastevoli per indurre la Protezione Civile e l&#8217;Agenzia Spaziale Italiana a svolgere stamane un vertice dedicato. Le ipotesi di caduta di frammenti, fra l&#8217;altro, sono state rimarcate anche dal settimanale tedesco &#8220;Der Spiegel&#8221;.<\/p>\n<p>In base alla sua orbita tradizionale, Uars aleggia sopra il territorio ligure, che ne \u00e8 quindi una traiettoria. Gli esperti parlano di &#8220;esplosione spettacolare&#8221; probabilmente visibile anche di giorno per la variazione di luminosit\u00e0.<\/p>\n<p>Dalla Liguria si potrebbe notare un cambiamento improvviso del chiarore celeste: \u00e8 il vecchio Uars che perde quota e si disgrega sotto l&#8217;effetto della combustione.<\/p>\n","protected":false},"excerpt":{"rendered":"<p>Liguria. Terr\u00e0 i pi\u00f9 informati con gli occhi puntati al cielo e anche con un po&#8217; di apprensione. Pochi sanno che il vecchio satellita Uars, che domani rientrer\u00e0 nell&#8217;orbita terrestre, esploder\u00e0 in frammenti che potranno abbattersi a terra. Anche in Liguria, regione che il velivolo spaziale abitualmente sorvola. Una possibilit\u00e0 su 3200: questo il rischio [&hellip;]<\/p>\n","protected":false},"author":13744,"featured_media":0,"comment_status":"open","ping_status":"closed","sticky":false,"template":"","format":"standard","meta":{"footnotes":""},"categories":[],"tags":[36160,14651,36161,17593],"class_list":["post-191704","post","type-post","status-publish","format-standard","hentry","tag-satellite","tag-spazio","tag-uars","tag-universo"],"amp_validity":null,"amp_enabled":true,"_links":{"self":[{"href":"https:\/\/staging.ivg.it\/ediapi\/wp\/v2\/posts\/191704","targetHints":{"allow":["GET"]}}],"collection":[{"href":"https:\/\/staging.ivg.it\/ediapi\/wp\/v2\/posts"}],"about":[{"href":"https:\/\/staging.ivg.it\/ediapi\/wp\/v2\/types\/post"}],"author":[{"embeddable":true,"href":"https:\/\/staging.ivg.it\/ediapi\/wp\/v2\/users\/13744"}],"replies":[{"embeddable":true,"href":"https:\/\/staging.ivg.it\/ediapi\/wp\/v2\/comments?post=191704"}],"version-history":[{"count":0,"href":"https:\/\/staging.ivg.it\/ediapi\/wp\/v2\/posts\/191704\/revisions"}],"wp:attachment":[{"href":"https:\/\/staging.ivg.it\/ediapi\/wp\/v2\/media?parent=191704"}],"wp:term":[{"taxonomy":"category","embeddable":true,"href":"https:\/\/staging.ivg.it\/ediapi\/wp\/v2\/categories?post=191704"},{"taxonomy":"post_tag","embeddable":true,"href":"https:\/\/staging.ivg.it\/ediapi\/wp\/v2\/tags?post=191704"}],"curies":[{"name":"wp","href":"https:\/\/api.w.org\/{rel}","templated":true}]}}