{"id":191153,"date":"2011-09-20T13:35:23","date_gmt":"2011-09-20T11:35:23","guid":{"rendered":"http:\/\/www.ivg.it\/?p=191153"},"modified":"2011-09-20T17:21:47","modified_gmt":"2011-09-20T15:21:47","slug":"vendemmia-di-qualita-nel-savonese-calcagno-coldiretti-i-raccolti-si-sono-rivelati-ottimi","status":"publish","type":"post","link":"https:\/\/staging.ivg.it\/2011\/09\/vendemmia-di-qualita-nel-savonese-calcagno-coldiretti-i-raccolti-si-sono-rivelati-ottimi\/","title":{"rendered":"Vendemmia in controtendenza nazionale, Calcagno (Coldiretti): \u201cI raccolti si sono rivelati ottimi\u201d"},"content":{"rendered":"<p><strong>Ponente<\/strong>. Vendemmia di qualit\u00e0 in provincia di Savona, in controtendenza rispetto al resto d&#8217;Italia dove si sono registrate raccolte ai minimi storici. Ma nella zona savonese le piogge sono riuscite a ridare nerbo alle radici della vite, anzich\u00e9 danneggiare i grappoli, e la coda estiva con elevate temperature ha aumentato la resa. &#8220;La vendemmia \u00e8 partitata alla grande e i raccolti in anticipo di due settimane si sono rivelati ottimi&#8221; sottolinea Paolo Calcagno, presidente provinciale della Coldiretti.<\/p>\n<p>&#8220;Avremo vini di ottima qualit\u00e0 &#8211; prosegue &#8211; e anzi \u00e8 proprio nostra intenzione invogliarne la produzione&#8221;. La stagione \u00e8 stata fortunata tra i filari, con riscontro sicuro nelle cantine. &#8220;Sottolineiamo anche il successo delle fattorie didattiche &#8211; aggiunge Calcagno &#8211; che fanno conoscere ai ragazzi, le famiglie e ai consumatori la vita produttiva sul posto. E in genere la produzione agricola, nonostante il clima estivo troppo umido, ci vede soddisfatti, anche per gli esiti della vendita diretta&#8221;.<\/p>\n<p>&#8220;Infatti &#8211; spiega il presidente della Coldiretti Savonese &#8211; notiamo un sempre crescente interesse per i prodotti locali. Le aziende non devono soltanto pensare a produrre, ma anche organizzarsi per la commercializzazione dei prodotti&#8221;.<\/p>\n","protected":false},"excerpt":{"rendered":"<p>Ponente. Vendemmia di qualit\u00e0 in provincia di Savona, in controtendenza rispetto al resto d&#8217;Italia dove si sono registrate raccolte ai minimi storici. Ma nella zona savonese le piogge sono riuscite a ridare nerbo alle radici della vite, anzich\u00e9 danneggiare i grappoli, e la coda estiva con elevate temperature ha aumentato la resa. &#8220;La vendemmia \u00e8 [&hellip;]<\/p>\n","protected":false},"author":13744,"featured_media":0,"comment_status":"open","ping_status":"closed","sticky":false,"template":"","format":"standard","meta":{"footnotes":""},"categories":[35],"tags":[560,85841,1664,5700,85850,8121,406,371],"class_list":["post-191153","post","type-post","status-publish","format-standard","hentry","category-economia","tag-agricoltura","tag-albenga","tag-coldiretti","tag-paolo-calcagno","tag-savona","tag-uva","tag-vendemmia","tag-vino","post_cat_citta-albenga","post_cat_citta-savona"],"amp_validity":null,"amp_enabled":true,"_links":{"self":[{"href":"https:\/\/staging.ivg.it\/ediapi\/wp\/v2\/posts\/191153","targetHints":{"allow":["GET"]}}],"collection":[{"href":"https:\/\/staging.ivg.it\/ediapi\/wp\/v2\/posts"}],"about":[{"href":"https:\/\/staging.ivg.it\/ediapi\/wp\/v2\/types\/post"}],"author":[{"embeddable":true,"href":"https:\/\/staging.ivg.it\/ediapi\/wp\/v2\/users\/13744"}],"replies":[{"embeddable":true,"href":"https:\/\/staging.ivg.it\/ediapi\/wp\/v2\/comments?post=191153"}],"version-history":[{"count":0,"href":"https:\/\/staging.ivg.it\/ediapi\/wp\/v2\/posts\/191153\/revisions"}],"wp:attachment":[{"href":"https:\/\/staging.ivg.it\/ediapi\/wp\/v2\/media?parent=191153"}],"wp:term":[{"taxonomy":"category","embeddable":true,"href":"https:\/\/staging.ivg.it\/ediapi\/wp\/v2\/categories?post=191153"},{"taxonomy":"post_tag","embeddable":true,"href":"https:\/\/staging.ivg.it\/ediapi\/wp\/v2\/tags?post=191153"}],"curies":[{"name":"wp","href":"https:\/\/api.w.org\/{rel}","templated":true}]}}