{"id":190931,"date":"2011-09-19T15:01:13","date_gmt":"2011-09-19T13:01:13","guid":{"rendered":"http:\/\/www.ivg.it\/?p=190931"},"modified":"2011-09-20T07:49:59","modified_gmt":"2011-09-20T05:49:59","slug":"protocollo-maersk-il-prefetto-sammartino-strumento-innovativo-ed-efficace-contro-le-infiltrazioni-malavitose","status":"publish","type":"post","link":"https:\/\/staging.ivg.it\/2011\/09\/protocollo-maersk-il-prefetto-sammartino-strumento-innovativo-ed-efficace-contro-le-infiltrazioni-malavitose\/","title":{"rendered":"Protocollo Maersk, il prefetto Sammartino: \u201cStrumento innovativo ed efficace contro le infiltrazioni malavitose\u201d"},"content":{"rendered":"<p><strong>Savona.<\/strong> &#8220;E&#8217; stato un ottimo risultato, un investimento in termini di sicurezza importante per questo territorio che dovr\u00e0 affrontare i lavori di un&#8217;opera cos\u00ec importante&#8221;. Cos\u00ec il prefetto di Savona Claudio Sammartino, poco dopo la firma del protocollo sulla legalit\u00e0 relativo ai lavori per la piattaforma Maersk a Vado Ligure. Secondo quanto riportato gi\u00e0 quattro sarebbero stati i controlli anticriminalit\u00e0 messi in atto nell&#8217;ambito dell&#8217;iter realizzativo della piattaforma Maersk.<\/p>\n<p>&#8220;Un momento importante, nostro obiettivo era fornire nuove infrastrutture normative e regole efficaci associate ad azioni dirette sul territorio&#8221; aggiunge il prefetto savonese, che ha incassato anche il plauso dell&#8217;A.d. di Apm Terminale Carlo Merli, che ha parlato di un protocollo di intesa che sar\u00e0 senz&#8217;altro modello per altre realt\u00e0 e situazioni speculari a quella vadese.<\/p>\n<p>&#8220;E&#8217; un dispositivo molto impegnativo sul fronte della sua operativit\u00e0, prevede controlli incrociati, si avvale delle nuove tecnologie informatiche con accertamenti a vari livelli, compreso il controllo dei materiali di costruzione. Uno strumento che favorir\u00e0 l&#8217;intervento delle forze dell&#8217;ordine in caso di presenza di fenomeni di criminalit\u00e0 organizzata&#8221; conclude Sammartino.<\/p>\n","protected":false},"excerpt":{"rendered":"<p>Savona. &#8220;E&#8217; stato un ottimo risultato, un investimento in termini di sicurezza importante per questo territorio che dovr\u00e0 affrontare i lavori di un&#8217;opera cos\u00ec importante&#8221;. Cos\u00ec il prefetto di Savona Claudio Sammartino, poco dopo la firma del protocollo sulla legalit\u00e0 relativo ai lavori per la piattaforma Maersk a Vado Ligure. Secondo quanto riportato gi\u00e0 quattro [&hellip;]<\/p>\n","protected":false},"author":4,"featured_media":0,"comment_status":"open","ping_status":"closed","sticky":false,"template":"","format":"standard","meta":{"footnotes":""},"categories":[35],"tags":[16224,759,85850],"class_list":["post-190931","post","type-post","status-publish","format-standard","hentry","category-economia","tag-claudio-sammartino","tag-maersk","tag-savona","post_cat_citta-andora","post_cat_citta-savona"],"amp_validity":null,"amp_enabled":true,"_links":{"self":[{"href":"https:\/\/staging.ivg.it\/ediapi\/wp\/v2\/posts\/190931","targetHints":{"allow":["GET"]}}],"collection":[{"href":"https:\/\/staging.ivg.it\/ediapi\/wp\/v2\/posts"}],"about":[{"href":"https:\/\/staging.ivg.it\/ediapi\/wp\/v2\/types\/post"}],"author":[{"embeddable":true,"href":"https:\/\/staging.ivg.it\/ediapi\/wp\/v2\/users\/4"}],"replies":[{"embeddable":true,"href":"https:\/\/staging.ivg.it\/ediapi\/wp\/v2\/comments?post=190931"}],"version-history":[{"count":0,"href":"https:\/\/staging.ivg.it\/ediapi\/wp\/v2\/posts\/190931\/revisions"}],"wp:attachment":[{"href":"https:\/\/staging.ivg.it\/ediapi\/wp\/v2\/media?parent=190931"}],"wp:term":[{"taxonomy":"category","embeddable":true,"href":"https:\/\/staging.ivg.it\/ediapi\/wp\/v2\/categories?post=190931"},{"taxonomy":"post_tag","embeddable":true,"href":"https:\/\/staging.ivg.it\/ediapi\/wp\/v2\/tags?post=190931"}],"curies":[{"name":"wp","href":"https:\/\/api.w.org\/{rel}","templated":true}]}}