{"id":190620,"date":"2011-09-17T18:53:34","date_gmt":"2011-09-17T16:53:34","guid":{"rendered":"http:\/\/www.ivg.it\/?p=190620"},"modified":"2011-09-17T18:53:34","modified_gmt":"2011-09-17T16:53:34","slug":"albenga-uildm-al-convegno-lacquaticita-per-tutti-chiediamo-di-accedere-alla-piscina-comunale","status":"publish","type":"post","link":"https:\/\/staging.ivg.it\/2011\/09\/albenga-uildm-al-convegno-lacquaticita-per-tutti-chiediamo-di-accedere-alla-piscina-comunale\/","title":{"rendered":"Albenga, UILDM al convegno &#8216;L&#8217;acquaticit\u00e0 per tutti&#8217;: &#8220;Chiediamo di accedere alla piscina comunale&#8221;"},"content":{"rendered":"<p><strong>Albenga<\/strong>. Un&#8217;agenda di cose da programmare. Ecco il messaggio a pi\u00f9 voci di oggi pomeriggio al Convegno &#8220;L&#8217;acquaticit\u00e0 per tutti&#8221; organizzato dall&#8217;UILDM di Albenga con la Consulta del disabile. &#8220;Tanti cittadini, con differenti disabilit\u00e0 non solo motorie, chiedono di poter andare in acqua&#8221; questo l&#8217;appello lanciato all&#8217;Amministrazione Comunale davanti ad una numerosa platea nei locali della sede della Banca D\u00b4Alba.<\/p>\n<p>&#8220;Nell&#8217;immediato chiediamo una prima soluzione, minima, per poter accedere alle spiagge e alla piscina comunale&#8221; ha detto Giuseppe Franco, Presidente dell&#8217;UILDM di Albenga &#8211; e, a lungo termine, un programma pluriennale non solo per l&#8217;acquaticit\u00e0, ma anche per l&#8217;eliminazione delle barriere architettoniche che renda Albenga davvero accessibile e, quindi, accogliente per tutti, nessuno escluso, con un marchio di qualit\u00e0. L&#8217;amministrazione Comunale agevoli gli esercenti commerciali per favorire l&#8217;abbattimento delle barriere architettoniche&#8221;.<\/p>\n<p>Interessante, poi, la relazione dell\u00b4Architetto Mitzi Bolani. &#8220;DESIGN FOR ALL deve diventare, anche ad Albenga, lo slogan dell&#8217;Amministrazione Comunale per promuovere accessibilit\u00e0, benessere, sicurezza e salute per tutti nella quotidianit\u00e0 di ciascun cittadino. L&#8217;ambiente costruito, nei lavori pubblici e privati, deve essere pianificato, progettato e realizzato per la completa partecipazione di tutti i cittadini ad ogni attivit\u00e0 (educativa, sociale, religiosa, ricreativa&#8230;) nel pieno rispetto dei diritti sociali e civili&#8221; ha detto la Consulente della Commissione europea esperta internazionale di sicurezza e accessibilit\u00e0 per tutti.<\/p>\n<p>&#8220;Pi\u00f9 faciliteremo le disabilit\u00e0 e l&#8217;uso dei servizi a tutte le persone e maggiori saranno i risparmi nell&#8217;economia dei progetti. Nel 2011 \u00e8 stata fissata la scadenza per tutte le Amministrazioni di pianificare e programmare le azioni per garantire l&#8217;accessibilit\u00e0, sicurezza e salute di tutto il proprio territorio. Il design for all quindi diventa un requisito non pi\u00f9 negoziabile&#8221;.<\/p>\n<p>&#8220;L&#8217;acquaticit\u00e0 per cittadini con disabilit\u00e0 nel 95% dei casi non pu\u00f2 essere erogata come terapia, per mancanza di strutture idonee sul territorio, pur essendo riconosciuto l&#8217;effetto benefico dal Ministero della salute in molte patologie &#8211; ha detto nel suo intervento il Prof. Paolo Di Benedetto, specialista della riabilitazione a Udine &#8211; Se pochissimi sono gli ospedali con reparti di riabilitazione dotati di vasche per idroterapia, non esiste un Istituto universitario con dipartimenti di riabilitazione che possano studiare l&#8217;idroterapia perch\u00e9 senza vasche dedicate&#8221;.<\/p>\n<p>Durante il Convegno la Lega navale di Albenga, per voce del suo presidente Basilio Calace, ha annunciato di essere disposto, l&#8217;anno prossimo, compatibilmente con la legge delle concessioni demaniali, a rinunciare ad circa 15 metri di specchio di acqua dedicato al transito, alla sosta e all&#8217;ancoraggio di qualsiasi unit\u00e0 navale, per  destinare l\u00b4area alla libera balneazione dei disabili residenti di Albenga e turisti, che ogni anno frequentano lo stabilimento di Vadino.<\/p>\n<p>&#8220;A novembre organizzeremo un convegno dedicato agli operatori afferenti all\u00b4Ufficio tecnico del Comune di Albenga e chiederemo il patrocinio degli Ordini degli Architetti e degli Ingegneri e dell&#8217;albo dei geometri. Fisseremo degli indirizzi da proporre in delibera alla Giunta. DESIGN FOR ALL deve diventare il marchio di qualit\u00e0 anche nei lavori pubblici di Albenga&#8221; dichiara Eraldo Ciangherotti, assessore alle politiche sociali di Albenga.<\/p>\n","protected":false},"excerpt":{"rendered":"<p>Albenga. Un&#8217;agenda di cose da programmare. Ecco il messaggio a pi\u00f9 voci di oggi pomeriggio al Convegno &#8220;L&#8217;acquaticit\u00e0 per tutti&#8221; organizzato dall&#8217;UILDM di Albenga con la Consulta del disabile. &#8220;Tanti cittadini, con differenti disabilit\u00e0 non solo motorie, chiedono di poter andare in acqua&#8221; questo l&#8217;appello lanciato all&#8217;Amministrazione Comunale davanti ad una numerosa platea nei locali [&hellip;]<\/p>\n","protected":false},"author":13744,"featured_media":0,"comment_status":"open","ping_status":"closed","sticky":false,"template":"","format":"standard","meta":{"footnotes":""},"categories":[],"tags":[85841,1169,732,1238],"class_list":["post-190620","post","type-post","status-publish","format-standard","hentry","tag-albenga","tag-barriere-architettoniche","tag-disabili","tag-eraldo-ciangherotti","post_cat_citta-albenga"],"amp_validity":null,"amp_enabled":true,"_links":{"self":[{"href":"https:\/\/staging.ivg.it\/ediapi\/wp\/v2\/posts\/190620","targetHints":{"allow":["GET"]}}],"collection":[{"href":"https:\/\/staging.ivg.it\/ediapi\/wp\/v2\/posts"}],"about":[{"href":"https:\/\/staging.ivg.it\/ediapi\/wp\/v2\/types\/post"}],"author":[{"embeddable":true,"href":"https:\/\/staging.ivg.it\/ediapi\/wp\/v2\/users\/13744"}],"replies":[{"embeddable":true,"href":"https:\/\/staging.ivg.it\/ediapi\/wp\/v2\/comments?post=190620"}],"version-history":[{"count":0,"href":"https:\/\/staging.ivg.it\/ediapi\/wp\/v2\/posts\/190620\/revisions"}],"wp:attachment":[{"href":"https:\/\/staging.ivg.it\/ediapi\/wp\/v2\/media?parent=190620"}],"wp:term":[{"taxonomy":"category","embeddable":true,"href":"https:\/\/staging.ivg.it\/ediapi\/wp\/v2\/categories?post=190620"},{"taxonomy":"post_tag","embeddable":true,"href":"https:\/\/staging.ivg.it\/ediapi\/wp\/v2\/tags?post=190620"}],"curies":[{"name":"wp","href":"https:\/\/api.w.org\/{rel}","templated":true}]}}