{"id":190590,"date":"2011-09-17T16:59:25","date_gmt":"2011-09-17T14:59:25","guid":{"rendered":"http:\/\/www.ivg.it\/?p=190590"},"modified":"2011-09-17T16:59:25","modified_gmt":"2011-09-17T14:59:25","slug":"savona-zanardi-parte-in-pellegrinaggio-verso-roma-per-ottenere-udienza-dal-papa","status":"publish","type":"post","link":"https:\/\/staging.ivg.it\/2011\/09\/savona-zanardi-parte-in-pellegrinaggio-verso-roma-per-ottenere-udienza-dal-papa\/","title":{"rendered":"Savona: Zanardi parte in pellegrinaggio verso Roma per ottenere udienza dal Papa"},"content":{"rendered":"<p><strong>Savona<\/strong>. Partir\u00e0 da Savona il 22 settembre il pellegrinaggio a piedi di Francesco Zanardi, presidente dell\u2019associazione L\u2019Abuso, diretto a Roma per ottenere un\u2019udienza con la Santa Sede per far s\u00ec che le linee guida emesse dal Vaticano, riguardanti i preti pedofili e l&#8217;ascolto delle vittime dei loro abusi, siano effettivamente rispettate.<\/p>\n<p>Le tappe della marcia saranno: partenza dalla Torretta di Savona, Genova, Spezia, Lucca, Pisa, Livorno, Rosignano, Cecina, Piombino, Grosseto, Tarquinia, Civitavecchia e Roma, tutti centri urbani collocati lungo la Strada Statale Numero Uno della Via Aurelia.<\/p>\n<p>\u201cCon questa mia lettera di denuncia al Papa- scrive Zanardi -chiedo a tutte le persone che credono ancora che qualcosa di buono possa succedere in questo mondo ingiusto e difficile di aderire come possibile al &#8220;Pellegrinaggio Per La Verit\u00e0&#8221; che avr\u00e0 luogo gioved\u00ec 22 settembre  con partenza dalla Torretta di Savona\u201d.<\/p>\n<p>Per sostenere Zanardi nel pellegrinaggio \u00e8 possibile effettuare la donazione sul conto corrente Banco Posta intestato a Francesco Zanardi con la causale \u201cPellegrinaggio per la verit\u00e0\u201d IBAN  IT16G0760110600000018127191.<\/p>\n","protected":false},"excerpt":{"rendered":"<p>Savona. Partir\u00e0 da Savona il 22 settembre il pellegrinaggio a piedi di Francesco Zanardi, presidente dell\u2019associazione L\u2019Abuso, diretto a Roma per ottenere un\u2019udienza con la Santa Sede per far s\u00ec che le linee guida emesse dal Vaticano, riguardanti i preti pedofili e l&#8217;ascolto delle vittime dei loro abusi, siano effettivamente rispettate. Le tappe della marcia [&hellip;]<\/p>\n","protected":false},"author":13744,"featured_media":0,"comment_status":"open","ping_status":"closed","sticky":false,"template":"","format":"standard","meta":{"footnotes":""},"categories":[],"tags":[12557,2427,1252,85850],"class_list":["post-190590","post","type-post","status-publish","format-standard","hentry","tag-francesco-zanardi","tag-pedofilia","tag-pellegrinaggio","tag-savona","post_cat_citta-savona"],"amp_validity":null,"amp_enabled":true,"_links":{"self":[{"href":"https:\/\/staging.ivg.it\/ediapi\/wp\/v2\/posts\/190590","targetHints":{"allow":["GET"]}}],"collection":[{"href":"https:\/\/staging.ivg.it\/ediapi\/wp\/v2\/posts"}],"about":[{"href":"https:\/\/staging.ivg.it\/ediapi\/wp\/v2\/types\/post"}],"author":[{"embeddable":true,"href":"https:\/\/staging.ivg.it\/ediapi\/wp\/v2\/users\/13744"}],"replies":[{"embeddable":true,"href":"https:\/\/staging.ivg.it\/ediapi\/wp\/v2\/comments?post=190590"}],"version-history":[{"count":0,"href":"https:\/\/staging.ivg.it\/ediapi\/wp\/v2\/posts\/190590\/revisions"}],"wp:attachment":[{"href":"https:\/\/staging.ivg.it\/ediapi\/wp\/v2\/media?parent=190590"}],"wp:term":[{"taxonomy":"category","embeddable":true,"href":"https:\/\/staging.ivg.it\/ediapi\/wp\/v2\/categories?post=190590"},{"taxonomy":"post_tag","embeddable":true,"href":"https:\/\/staging.ivg.it\/ediapi\/wp\/v2\/tags?post=190590"}],"curies":[{"name":"wp","href":"https:\/\/api.w.org\/{rel}","templated":true}]}}