{"id":190028,"date":"2011-09-15T16:25:13","date_gmt":"2011-09-15T14:25:13","guid":{"rendered":"http:\/\/www.ivg.it\/?p=190028"},"modified":"2011-09-16T11:03:47","modified_gmt":"2011-09-16T09:03:47","slug":"puc-di-savona-ultimo-atto-passaggio-in-giunta-e-consiglio-poi-la-parola-alla-provincia","status":"publish","type":"post","link":"https:\/\/staging.ivg.it\/2011\/09\/puc-di-savona-ultimo-atto-passaggio-in-giunta-e-consiglio-poi-la-parola-alla-provincia\/","title":{"rendered":"Puc di Savona, ultimo atto: passaggio in giunta e consiglio, poi la parola alla Provincia"},"content":{"rendered":"<p><strong>Savona<\/strong>. Marted\u00ec 4 ottobre passaggio finale del Puc a Palazzo Sisto. Il consiglio comunale, infatti, approver\u00e0 il documento per rispondere alle osservazioni formulate dalla Provincia. Poi il documento di programmazione urbanistica passer\u00e0 nuovamente a Palazzo Nervi per l&#8217;ultimo atto, che si concluder\u00e0 positivamente se i tecnici dell&#8217;ente intermedio, con termine di 30 giorni, valuteranno congrua la delibera del Comune. Su qust&#8217;ultimo punto non dovrebbero esserci colpi di scena.<\/p>\n<p>&#8220;Anche perch\u00e9 &#8211; sottolinea Milena Debenedetti del Movimento 5 Stelle &#8211; se la Provincia bocciasse il Puc, sarebbe clamoroso. Ma si tratta di un&#8217;ipotesi solo teorica perch\u00e9 le obiezioni delle Provincia sono a carattere di legittimit\u00e0 e finora, secondo quanto abbiamo analizzato in commissione, non c&#8217;\u00e8 motivo di pensare che venga respinto. Dal nostro punto di vista, non abbiamo avuto margini di discussione perch\u00e9 non potevamo entrare nel merito del piano gi\u00e0 approvato, ma solo dei rilievi provinciali. Vedremo la delibera di giunta che sar\u00e0 discussa in consiglio per poi passare agli uffici provinciali&#8221;.<\/p>\n<p>La giunta comunale ha accolto in toto la maggior parte delle obiezioni della Provincia. Nell&#8217;ipotesi di un improbabile rigetto da parte di Palazzo Nervi, il Comune, per evitare di riattivare il lungo e laborioso iter, avrebbe solo la possibilit\u00e0 di ricorrere al Tar.<\/p>\n","protected":false},"excerpt":{"rendered":"<p>Savona. Marted\u00ec 4 ottobre passaggio finale del Puc a Palazzo Sisto. Il consiglio comunale, infatti, approver\u00e0 il documento per rispondere alle osservazioni formulate dalla Provincia. Poi il documento di programmazione urbanistica passer\u00e0 nuovamente a Palazzo Nervi per l&#8217;ultimo atto, che si concluder\u00e0 positivamente se i tecnici dell&#8217;ente intermedio, con termine di 30 giorni, valuteranno congrua [&hellip;]<\/p>\n","protected":false},"author":13744,"featured_media":0,"comment_status":"open","ping_status":"closed","sticky":false,"template":"","format":"standard","meta":{"footnotes":""},"categories":[35,31],"tags":[1882,85850,1816],"class_list":["post-190028","post","type-post","status-publish","format-standard","hentry","category-economia","category-politica","tag-puc","tag-savona","tag-urbanistica","post_cat_citta-savona"],"amp_validity":null,"amp_enabled":true,"_links":{"self":[{"href":"https:\/\/staging.ivg.it\/ediapi\/wp\/v2\/posts\/190028","targetHints":{"allow":["GET"]}}],"collection":[{"href":"https:\/\/staging.ivg.it\/ediapi\/wp\/v2\/posts"}],"about":[{"href":"https:\/\/staging.ivg.it\/ediapi\/wp\/v2\/types\/post"}],"author":[{"embeddable":true,"href":"https:\/\/staging.ivg.it\/ediapi\/wp\/v2\/users\/13744"}],"replies":[{"embeddable":true,"href":"https:\/\/staging.ivg.it\/ediapi\/wp\/v2\/comments?post=190028"}],"version-history":[{"count":0,"href":"https:\/\/staging.ivg.it\/ediapi\/wp\/v2\/posts\/190028\/revisions"}],"wp:attachment":[{"href":"https:\/\/staging.ivg.it\/ediapi\/wp\/v2\/media?parent=190028"}],"wp:term":[{"taxonomy":"category","embeddable":true,"href":"https:\/\/staging.ivg.it\/ediapi\/wp\/v2\/categories?post=190028"},{"taxonomy":"post_tag","embeddable":true,"href":"https:\/\/staging.ivg.it\/ediapi\/wp\/v2\/tags?post=190028"}],"curies":[{"name":"wp","href":"https:\/\/api.w.org\/{rel}","templated":true}]}}