{"id":190017,"date":"2011-09-15T15:47:18","date_gmt":"2011-09-15T13:47:18","guid":{"rendered":"http:\/\/www.ivg.it\/?p=190017"},"modified":"2011-09-15T15:47:18","modified_gmt":"2011-09-15T13:47:18","slug":"albenga-ciangherotti-a-pollio-le-case-popolari-non-sono-merce-da-mercato","status":"publish","type":"post","link":"https:\/\/staging.ivg.it\/2011\/09\/albenga-ciangherotti-a-pollio-le-case-popolari-non-sono-merce-da-mercato\/","title":{"rendered":"Albenga, Ciangherotti a Pollio: &#8220;Le case popolari non sono merce da mercato&#8221;"},"content":{"rendered":"<p><strong>Albenga<\/strong>. &#8220;A dire che sulla pratica relativa all&#8217;edilizia convenzionata approvata dal consiglio comunale l&#8217;altra sera c&#8217;era ancora molta confusione nella maggioranza, il consigliere Gianni Pollio, pure ex assessore ai servizi sociali all&#8217;epoca di Angelo Viveri, ha dimostrato di infischiarsene del disagio economico in cui vivono moltissimee famiglie di Albenga, oltre 500 nuclei, che non riescono a pagare affitti a mercato libero e che stanno andando a tracollo per cercare di restare sotto ad un tetto&#8221;. Cos\u00ec Eraldo Ciangherotti, assessore ai servizi sociali, commenta le dichiarazioni del Consigliere Gianni Pollio in merito all&#8217;approvazione della variante al PRG per l&#8217;edilizia popolare di Albenga.<\/p>\n<p>&#8220;I Comuni &#8211; prosegue Ciangherotti &#8211; non hanno pi\u00f9 nelle proprie disponibilit\u00e0 le risorse economiche di un tempo per sostenere le famiglie nel canone di locazione. Ecco perch\u00e8 la stessa legge regionale n\u00b038, approvata gi\u00e0 nell&#8217;anno 2007, concedeva soltanto 6 mesi per adeguare il prima possibile il piano regolatore di Albenga alle nuove norme regionali di edilizia residenziale pubblica, prevedendo, per ogni nuova costruzione, una percentuale di edilizia sociale compresa, in verit\u00e0, tra il 5 e il 20% da definirsi a breve&#8221;.<\/p>\n<p>&#8220;Rimandare ancora ulteriormente una pratica su cui la vecchia amministrazione Tabb\u00f2 aveva voltato clamorosamente le spalle sarebbe stato ingiusto. Forse il consigliere Gianni Pollio, per la sua nota passione nelle trattative commerciali che, in genere, per\u00f2, si fanno alle fiere e ai mercati, non ha capito che, a rinviare l&#8217;urgenza di adozione di una legge regionale per il solo gusto di dare sfogo a qualche capriccio o per inviare qualche segnale politico, ci avrebbero rimesso intere famiglie. E questo s\u00ec sarebbe stato segno di grande disonest\u00e0, oltre a tradire il mandato elettorale che la maggioranza degli albenganesi ha affidato nelle mani del Sindaco Rosy Guarnieri anche per la giusitizia sociale&#8221; conclude Ciangherotti.<\/p>\n","protected":false},"excerpt":{"rendered":"<p>Albenga. &#8220;A dire che sulla pratica relativa all&#8217;edilizia convenzionata approvata dal consiglio comunale l&#8217;altra sera c&#8217;era ancora molta confusione nella maggioranza, il consigliere Gianni Pollio, pure ex assessore ai servizi sociali all&#8217;epoca di Angelo Viveri, ha dimostrato di infischiarsene del disagio economico in cui vivono moltissimee famiglie di Albenga, oltre 500 nuclei, che non riescono [&hellip;]<\/p>\n","protected":false},"author":13744,"featured_media":0,"comment_status":"open","ping_status":"closed","sticky":false,"template":"","format":"standard","meta":{"footnotes":""},"categories":[31],"tags":[85841,1637,1238,36002],"class_list":["post-190017","post","type-post","status-publish","format-standard","hentry","category-politica","tag-albenga","tag-case-popolari","tag-eraldo-ciangherotti","tag-gianni-pollio","post_cat_citta-albenga"],"amp_validity":null,"amp_enabled":true,"_links":{"self":[{"href":"https:\/\/staging.ivg.it\/ediapi\/wp\/v2\/posts\/190017","targetHints":{"allow":["GET"]}}],"collection":[{"href":"https:\/\/staging.ivg.it\/ediapi\/wp\/v2\/posts"}],"about":[{"href":"https:\/\/staging.ivg.it\/ediapi\/wp\/v2\/types\/post"}],"author":[{"embeddable":true,"href":"https:\/\/staging.ivg.it\/ediapi\/wp\/v2\/users\/13744"}],"replies":[{"embeddable":true,"href":"https:\/\/staging.ivg.it\/ediapi\/wp\/v2\/comments?post=190017"}],"version-history":[{"count":0,"href":"https:\/\/staging.ivg.it\/ediapi\/wp\/v2\/posts\/190017\/revisions"}],"wp:attachment":[{"href":"https:\/\/staging.ivg.it\/ediapi\/wp\/v2\/media?parent=190017"}],"wp:term":[{"taxonomy":"category","embeddable":true,"href":"https:\/\/staging.ivg.it\/ediapi\/wp\/v2\/categories?post=190017"},{"taxonomy":"post_tag","embeddable":true,"href":"https:\/\/staging.ivg.it\/ediapi\/wp\/v2\/tags?post=190017"}],"curies":[{"name":"wp","href":"https:\/\/api.w.org\/{rel}","templated":true}]}}