{"id":189943,"date":"2011-09-15T13:17:15","date_gmt":"2011-09-15T11:17:15","guid":{"rendered":"http:\/\/www.ivg.it\/?p=189943"},"modified":"2011-09-15T17:24:47","modified_gmt":"2011-09-15T15:24:47","slug":"savona-calcio-pasquale-pesce-fa-bene-a-dare-un-segnale-ma-e-inammissibile-dire-colpa-dei-savonesi","status":"publish","type":"post","link":"https:\/\/staging.ivg.it\/2011\/09\/savona-calcio-pasquale-pesce-fa-bene-a-dare-un-segnale-ma-e-inammissibile-dire-colpa-dei-savonesi\/","title":{"rendered":"Savona Calcio, Pasquale: \u201cPesce fa bene a dare un segnale, ma \u00e8 inammissibile dire \u2018colpa dei savonesi\u2019\u201d"},"content":{"rendered":"<p><strong>Savona<\/strong>. Anche per il presidente della Camera di Commercio savonese le dimissioni di Andrea Pesce sono giunte inaspettate. &#8220;Ho parlato con lui durante la presentazione del settore giovanile e mi ha espresso la difficolt\u00e0 nell&#8217;andare avanti, ma non ha accennato ad una sua rinuncia all&#8217;impegno &#8211; spiega Luciano Pasquale &#8211; E&#8217; chiaro che con un campionato impegnativo e, dall&#8217;altra parte, un settore giovani che sta crescendo e richiede investimenti, la societ\u00e0 vive un momento delicato. Ritengo che Pesce abbia voluto dare un segnale con una lettera che, credo, fa presagire la possibilit\u00e0 che ritorni sulle sue posizioni se si ripristinano determinate condizioni&#8221;.<\/p>\n<p>&#8220;Da una parte si rivolge alle istituzioni perch\u00e9 realizzino la cittadella dello sport, dall&#8217;altra parla alla comunit\u00e0, tema ricorrente di questi anni, chiedendo alle imprese di partecipare al rilancio della societ\u00e0 sportiva &#8211; prosegue il presidente dell&#8217;ente camerale &#8211; Tenuto conto delle generali difficolt\u00e0 economiche del momento, il supporto del tessuto imprenditoriale savonese \u00e8 problematico. Per\u00f2 bisogna capire la portata di questo impegno economico, perch\u00e9 tutti sono pronti a rimboccarsi le maniche per dare una mano alla squadra&#8221;.<\/p>\n<p>&#8220;Ma &#8211; precisa Pasquale &#8211; \u00e8 Pesce che deve dare una risposta sull&#8217;entit\u00e0 economica di questo impegno. Carisa, come ha confermato lo stesso dirigente, ha assolto in pieno alla sua parte. E ricordiamoci che Carisa \u00e8 rappresentativa del territorio ed \u00e8 quindi espressione di Savona che d\u00e0 una mano al suo calcio. Non penso che sia il ricorso agli abbonamenti Vip a risolvere i problemi, n\u00e9 ritengo che sia utile addossare sempre alle imprese la responsabilit\u00e0. Se qualcuno fa sponsorizzazioni \u00e8 perch\u00e9 crede in quello che fa e bisogna essergli grati&#8221;.<\/p>\n<p>&#8220;Pesce fa bene a mandare un segnale alla citt\u00e0, la comunit\u00e0 savonese sceglier\u00e0 come rispondere &#8211; prosegue Pasquale &#8211; Per ora non \u00e8 quantificata l&#8217;entit\u00e0 del sostegno da dare dal Savona Calcio. Quindi bisogna capire a quanto ammonta e lo stesso Pesce su questo deve dare una risposta. Vediamo di collaborare tutti insieme, istituzioni e sistema economico, in modo strutturale, altrimenti ciclicamente si arriva a dire &#8216;non possiamo pi\u00f9 andare avanti, \u00e8 colpa dei savonesi&#8217;: questo non \u00e8 ammissibile. Intanto, la squadra persegua serenamente gli obiettivi sportivi perch\u00e9 ai risultati corrisponde la passione e il seguito; in caso contrario, si entrerebbe in un circolo vizioso di disinteresse che peggiorerebbe il quadro&#8221;.<\/p>\n","protected":false},"excerpt":{"rendered":"<p>Savona. Anche per il presidente della Camera di Commercio savonese le dimissioni di Andrea Pesce sono giunte inaspettate. &#8220;Ho parlato con lui durante la presentazione del settore giovanile e mi ha espresso la difficolt\u00e0 nell&#8217;andare avanti, ma non ha accennato ad una sua rinuncia all&#8217;impegno &#8211; spiega Luciano Pasquale &#8211; E&#8217; chiaro che con un [&hellip;]<\/p>\n","protected":false},"author":13744,"featured_media":0,"comment_status":"open","ping_status":"closed","sticky":false,"template":"","format":"standard","meta":{"footnotes":""},"categories":[35,32],"tags":[10241,85989,174,2156,86042],"class_list":["post-189943","post","type-post","status-publish","format-standard","hentry","category-economia","category-sport","tag-andrea-pesce","tag-calcio","tag-camera-commercio","tag-luciano-pasquale","tag-savona-calcio","post_cat_citta-savona"],"amp_validity":null,"amp_enabled":true,"_links":{"self":[{"href":"https:\/\/staging.ivg.it\/ediapi\/wp\/v2\/posts\/189943","targetHints":{"allow":["GET"]}}],"collection":[{"href":"https:\/\/staging.ivg.it\/ediapi\/wp\/v2\/posts"}],"about":[{"href":"https:\/\/staging.ivg.it\/ediapi\/wp\/v2\/types\/post"}],"author":[{"embeddable":true,"href":"https:\/\/staging.ivg.it\/ediapi\/wp\/v2\/users\/13744"}],"replies":[{"embeddable":true,"href":"https:\/\/staging.ivg.it\/ediapi\/wp\/v2\/comments?post=189943"}],"version-history":[{"count":0,"href":"https:\/\/staging.ivg.it\/ediapi\/wp\/v2\/posts\/189943\/revisions"}],"wp:attachment":[{"href":"https:\/\/staging.ivg.it\/ediapi\/wp\/v2\/media?parent=189943"}],"wp:term":[{"taxonomy":"category","embeddable":true,"href":"https:\/\/staging.ivg.it\/ediapi\/wp\/v2\/categories?post=189943"},{"taxonomy":"post_tag","embeddable":true,"href":"https:\/\/staging.ivg.it\/ediapi\/wp\/v2\/tags?post=189943"}],"curies":[{"name":"wp","href":"https:\/\/api.w.org\/{rel}","templated":true}]}}