{"id":189779,"date":"2011-09-14T19:03:27","date_gmt":"2011-09-14T17:03:27","guid":{"rendered":"http:\/\/www.ivg.it\/?p=189779"},"modified":"2011-09-14T20:10:41","modified_gmt":"2011-09-14T18:10:41","slug":"atto-incendiario-a-villapiana-solidarieta-al-quartiere-dal-pcl-critiche-al-comune","status":"publish","type":"post","link":"https:\/\/staging.ivg.it\/2011\/09\/atto-incendiario-a-villapiana-solidarieta-al-quartiere-dal-pcl-critiche-al-comune\/","title":{"rendered":"Atto incendiario a Villapiana, solidariet\u00e0 al quartiere dal Pcl: critiche al Comune"},"content":{"rendered":"<p><strong>Savona.<\/strong> &#8220;Il Partito comunista dei lavoratori esprime la massima solidariet\u00e0 e vicinanza alle persone  coinvolte e danneggiate dall&#8217;incredibile atto vandalico dell&#8217;altra notte, in particolare al Signor Revello che ha avuto l&#8217;auto completamente distrutta&#8221;. Cos\u00ec in una nota Simone Anselmo, Coordinatore provinciale del Pcl. <\/p>\n<p>&#8220;A riguardo vogliamo sottolineare come da anni ormai, chiediamo che il Comune si faccia carico del quartiere, esso infatti \u00e8 da anni lasciato a se stesso. Invece di investire incredibili risorse nei quartieri pi\u00f9  lussuosi della citt\u00e0, una giunta di centro-sinistra si dovrebbe occupare dei quartieri popolari come appunto il grande rione di Villapiana. Unica attenzione ad esso dedicata \u00e8 stata per modificare la viabilit\u00e0, modifica oltrettutto come anche recentemente affermato dal Ministero, del tutto controproducente&#8221;.<\/p>\n<p>&#8220;Pi\u00f9 investimenti, maggiore pulizia e maggior presidio del quartiere sono la miglior arma per combattere gli atti di vandalismo ignobili come questo&#8221; conclude la nota.<\/p>\n","protected":false},"excerpt":{"rendered":"<p>Savona. &#8220;Il Partito comunista dei lavoratori esprime la massima solidariet\u00e0 e vicinanza alle persone coinvolte e danneggiate dall&#8217;incredibile atto vandalico dell&#8217;altra notte, in particolare al Signor Revello che ha avuto l&#8217;auto completamente distrutta&#8221;. Cos\u00ec in una nota Simone Anselmo, Coordinatore provinciale del Pcl. &#8220;A riguardo vogliamo sottolineare come da anni ormai, chiediamo che il Comune [&hellip;]<\/p>\n","protected":false},"author":13744,"featured_media":0,"comment_status":"open","ping_status":"closed","sticky":false,"template":"","format":"standard","meta":{"footnotes":""},"categories":[34,31],"tags":[1222,85850,194],"class_list":["post-189779","post","type-post","status-publish","format-standard","hentry","category-cronaca","category-politica","tag-pcl","tag-savona","tag-villapiana","post_cat_citta-andora","post_cat_citta-savona"],"amp_validity":null,"amp_enabled":true,"_links":{"self":[{"href":"https:\/\/staging.ivg.it\/ediapi\/wp\/v2\/posts\/189779","targetHints":{"allow":["GET"]}}],"collection":[{"href":"https:\/\/staging.ivg.it\/ediapi\/wp\/v2\/posts"}],"about":[{"href":"https:\/\/staging.ivg.it\/ediapi\/wp\/v2\/types\/post"}],"author":[{"embeddable":true,"href":"https:\/\/staging.ivg.it\/ediapi\/wp\/v2\/users\/13744"}],"replies":[{"embeddable":true,"href":"https:\/\/staging.ivg.it\/ediapi\/wp\/v2\/comments?post=189779"}],"version-history":[{"count":0,"href":"https:\/\/staging.ivg.it\/ediapi\/wp\/v2\/posts\/189779\/revisions"}],"wp:attachment":[{"href":"https:\/\/staging.ivg.it\/ediapi\/wp\/v2\/media?parent=189779"}],"wp:term":[{"taxonomy":"category","embeddable":true,"href":"https:\/\/staging.ivg.it\/ediapi\/wp\/v2\/categories?post=189779"},{"taxonomy":"post_tag","embeddable":true,"href":"https:\/\/staging.ivg.it\/ediapi\/wp\/v2\/tags?post=189779"}],"curies":[{"name":"wp","href":"https:\/\/api.w.org\/{rel}","templated":true}]}}