{"id":189716,"date":"2011-09-14T17:09:19","date_gmt":"2011-09-14T15:09:19","guid":{"rendered":"http:\/\/www.ivg.it\/?p=189716"},"modified":"2011-09-14T20:15:44","modified_gmt":"2011-09-14T18:15:44","slug":"guarnieri-%e2%80%9cla-minoranza-rema-contro-il-pronto-soccorso-di-albenga%e2%80%9d","status":"publish","type":"post","link":"https:\/\/staging.ivg.it\/2011\/09\/guarnieri-%e2%80%9cla-minoranza-rema-contro-il-pronto-soccorso-di-albenga%e2%80%9d\/","title":{"rendered":"Guarnieri: \u201cLa minoranza rema contro il Pronto soccorso di Albenga\u201d"},"content":{"rendered":"<p><strong>Albenga<\/strong>. \u201cCon una certa amarezza e un pizzico di delusione, prendo atto che la minoranza in consiglio comunale rema contro il Pronto Soccorso di Albenga\u201d. Con queste parole, il sindaco di Albenga Rosy Guarnieri commenta l&#8217;uscita anticipata dei gruppi consiliari di minoranza dalla seduta del consiglio comunale di Albenga di marted\u00ec 13 Settembre, la quale ha di fatto impedito l&#8217;approvazione con una maggioranza ampia e bipartisan del documento finalizzato al mantenimento del Pronto Soccorso dell&#8217;Ospedale Santa Maria di Misericordia di Albenga.<\/p>\n<p>\u201cNon voglio entrare nel merito della loro decisione di abbandonare l&#8217;aula, n\u00e9 contestare le motivazioni alla base di questo gesto\u201d, prosegue il sindaco, \u201ctuttavia nulla impediva loro di fermarsi almeno per votare l&#8217;undicesimo punto all&#8217;ordine del giorno, ovvero la riorganizzazione e riqualificazione della rete dell&#8217;emergenza-urgenza e della rete ospedaliera, che prevedeva l&#8217;approvazione del documento condiviso deliberato dal Comitato dei Sindaci di Distretto Sociosanitario 4 Albenganese\u201d.<\/p>\n<p>\u201cQuel documento, che ogni comune del distretto si \u00e8 impegnato a far approvare in tempi brevi per poi presentare le proprie istanze in sede regionale, aveva il consenso unanime di tutti i Sindaci del comprensorio\u201d, nota ancora, \u201ce ricalcava nei contenuti quanto stabilito dalla conferenza dei capigruppo alla quale, oltre alla minoranza, avevano partecipato anche i consiglieri regionali Melgrati, Miceli e Quaini. Si trattava di una presa di posizione forte in favore del territorio, scevra da etichette politiche o partitiche, nei soli interessi del nostro Ospedale, del nostro Pronto Soccorso e degli albenganesi, evidentemente non ritenuti prioritari dalla minoranza\u201d.<\/p>\n<p>\u201cRientrava nelle loro facolt\u00e0 chiederne la votazione anticipata prima della loro uscita di scena, e  avremmo accolto di buon grado questa richiesta, per dare un forte segnale e approvare insieme questo importante documento. Mi sarei aspettata una maggiore dimostrazione di responsabilit\u00e0, ma purtroppo cos\u00ec non \u00e8 stato. Come al solito, le parole non sono state seguite dai fatti: evidentemente, questi sono gli insegnamenti della squadra che ci ha preceduto, e che oggi siede sui banchi dell&#8217;opposizione\u201d, conclude il sindaco Guarnieri.<\/p>\n","protected":false},"excerpt":{"rendered":"<p>Albenga. \u201cCon una certa amarezza e un pizzico di delusione, prendo atto che la minoranza in consiglio comunale rema contro il Pronto Soccorso di Albenga\u201d. Con queste parole, il sindaco di Albenga Rosy Guarnieri commenta l&#8217;uscita anticipata dei gruppi consiliari di minoranza dalla seduta del consiglio comunale di Albenga di marted\u00ec 13 Settembre, la quale [&hellip;]<\/p>\n","protected":false},"author":13744,"featured_media":0,"comment_status":"open","ping_status":"closed","sticky":false,"template":"","format":"standard","meta":{"footnotes":""},"categories":[],"tags":[85841,3118,872,2688,6607],"class_list":["post-189716","post","type-post","status-publish","format-standard","hentry","tag-albenga","tag-minoranza","tag-ospedale","tag-pronto-soccorso","tag-rosy-guarnieri","post_cat_citta-albenga"],"amp_validity":null,"amp_enabled":true,"_links":{"self":[{"href":"https:\/\/staging.ivg.it\/ediapi\/wp\/v2\/posts\/189716","targetHints":{"allow":["GET"]}}],"collection":[{"href":"https:\/\/staging.ivg.it\/ediapi\/wp\/v2\/posts"}],"about":[{"href":"https:\/\/staging.ivg.it\/ediapi\/wp\/v2\/types\/post"}],"author":[{"embeddable":true,"href":"https:\/\/staging.ivg.it\/ediapi\/wp\/v2\/users\/13744"}],"replies":[{"embeddable":true,"href":"https:\/\/staging.ivg.it\/ediapi\/wp\/v2\/comments?post=189716"}],"version-history":[{"count":0,"href":"https:\/\/staging.ivg.it\/ediapi\/wp\/v2\/posts\/189716\/revisions"}],"wp:attachment":[{"href":"https:\/\/staging.ivg.it\/ediapi\/wp\/v2\/media?parent=189716"}],"wp:term":[{"taxonomy":"category","embeddable":true,"href":"https:\/\/staging.ivg.it\/ediapi\/wp\/v2\/categories?post=189716"},{"taxonomy":"post_tag","embeddable":true,"href":"https:\/\/staging.ivg.it\/ediapi\/wp\/v2\/tags?post=189716"}],"curies":[{"name":"wp","href":"https:\/\/api.w.org\/{rel}","templated":true}]}}