{"id":189562,"date":"2011-09-14T10:51:46","date_gmt":"2011-09-14T08:51:46","guid":{"rendered":"http:\/\/www.ivg.it\/?p=189562"},"modified":"2011-09-14T10:52:25","modified_gmt":"2011-09-14T08:52:25","slug":"questione-sicurezza-a-savona-forza-nuova-telecamere-non-sono-soluzione-serve-dire-stop-ai-clandestini","status":"publish","type":"post","link":"https:\/\/staging.ivg.it\/2011\/09\/questione-sicurezza-a-savona-forza-nuova-telecamere-non-sono-soluzione-serve-dire-stop-ai-clandestini\/","title":{"rendered":"Questione sicurezza a Savona, Forza Nuova: &#8220;Telecamere non sono soluzione, bisogna dire basta ai clandestini&#8221;"},"content":{"rendered":"<p><strong>Savona<\/strong>. La segreteria provinciale di Forza Nuova interviene in merito alla questione sicurezza nei quartieri a Savona. Gli esponenti del movimento politico hanno voluto, in particolare, rispondere alle parole del Prefetto di Savona Claudio Sammartino: &#8220;Forza Nuova prende atto che anche da parte delle istituzioni si stia prendendo coscienza del fatto che la citt\u00e0 di Savona, come tante, troppe citt\u00e0 liguri, viva una vera e propria emergenza criminalit\u00e0. Questa situazione per\u00f2, contrariamente dal pensiero del Prefetto, non pu\u00f2 essere risolta con la semplice installazione di telecamere, stile grande fratello&#8221;.<\/p>\n<p>&#8220;Le radici della mancanza di sicurezza in citt\u00e0 sono molto pi\u00f9 profonde e allo stesso tempo pi\u00f9 elementari. Che senso ha mettere telecamere, che puntualmente si rompono dopo pochi giorni, in tutta la citt\u00e0 e che rappresentano un costo non indifferente per la comunit\u00e0, se contemporaneamente entrano in Italia e arrivano a Savona, con la complicit\u00e0 del Governo e delle istituzioni locali, centinaia e centinaia di clandestini che non avendo chiaramente una casa, un lavoro, alcun mezzo per vivere, devono necessariamente delinquere per tirare avanti? Delinquenti italiani ne abbiamo gi\u00e0 abbastanza, non abbiamo bisogno di rinforzi da fuori&#8230;&#8221; dicono dalla segreteria di Forza Nuova.<\/p>\n<p>&#8220;Che senso ha avere una magistratura che puntualmente, con un\u2019interpretazione sempre pi\u00f9 spesso fantasiosa delle norme, pensa a tutto, anche a modificare la lingua italiana, ma non ad assicurare alle patrie galere, autori di reati particolarmente fastidiosi come quelli legati alla microcriminalit\u00e0? La nostra ricetta \u00e8 chiara, semplice e allo stesso tempo radicale: l\u2019immigrazione non \u00e8 una ricchezza, la societ\u00e0 multirazziale \u00e8 un falso mito e rappresenta un elemento di turbamento dell&#8217;ordine pubblico e di perdita di patrimoni culturali; i quartieri devono tornare ai cittadini con progetti, attivit\u00e0, opere di riqualificazione, volontariato. Non \u00e8 pi\u00f9 ammissibile che intere piazze della citt\u00e0 siano considerati dormitori e gabinetti a cielo aperto&#8221; osservano da Forza Nuova.<\/p>\n<p>&#8220;L&#8217;ultima soluzione da adottare poi \u00e8 l&#8217;assoluta certezza della pena. Italiano o straniero non importa. Chi sbaglia, deve assolutamente pagare. Non necessariamente con la galera ma anche con il duro lavoro. Pulire il sottobosco, la foce del fiume, e altre opere socialmente utili, fa sicuramente passare la voglia a chi commettere reati legati alla microcriminalit\u00e0. Insomma i problemi legati alla sicurezza non si risolvono con le belle parole, gli ottimi intenti, le false promesse ma con una politica seria e un cambiamento radicale del &#8216;Sistema Italia&#8217;&#8221; concludono da Forza Nuova.<\/p>\n","protected":false},"excerpt":{"rendered":"<p>Savona. La segreteria provinciale di Forza Nuova interviene in merito alla questione sicurezza nei quartieri a Savona. Gli esponenti del movimento politico hanno voluto, in particolare, rispondere alle parole del Prefetto di Savona Claudio Sammartino: &#8220;Forza Nuova prende atto che anche da parte delle istituzioni si stia prendendo coscienza del fatto che la citt\u00e0 di [&hellip;]<\/p>\n","protected":false},"author":13744,"featured_media":0,"comment_status":"open","ping_status":"closed","sticky":false,"template":"","format":"standard","meta":{"footnotes":""},"categories":[56,31],"tags":[11129,85850,183],"class_list":["post-189562","post","type-post","status-publish","format-standard","hentry","category-altre","category-politica","tag-forza-nuova","tag-savona","tag-sicurezza","post_cat_citta-savona"],"amp_validity":null,"amp_enabled":true,"_links":{"self":[{"href":"https:\/\/staging.ivg.it\/ediapi\/wp\/v2\/posts\/189562","targetHints":{"allow":["GET"]}}],"collection":[{"href":"https:\/\/staging.ivg.it\/ediapi\/wp\/v2\/posts"}],"about":[{"href":"https:\/\/staging.ivg.it\/ediapi\/wp\/v2\/types\/post"}],"author":[{"embeddable":true,"href":"https:\/\/staging.ivg.it\/ediapi\/wp\/v2\/users\/13744"}],"replies":[{"embeddable":true,"href":"https:\/\/staging.ivg.it\/ediapi\/wp\/v2\/comments?post=189562"}],"version-history":[{"count":0,"href":"https:\/\/staging.ivg.it\/ediapi\/wp\/v2\/posts\/189562\/revisions"}],"wp:attachment":[{"href":"https:\/\/staging.ivg.it\/ediapi\/wp\/v2\/media?parent=189562"}],"wp:term":[{"taxonomy":"category","embeddable":true,"href":"https:\/\/staging.ivg.it\/ediapi\/wp\/v2\/categories?post=189562"},{"taxonomy":"post_tag","embeddable":true,"href":"https:\/\/staging.ivg.it\/ediapi\/wp\/v2\/tags?post=189562"}],"curies":[{"name":"wp","href":"https:\/\/api.w.org\/{rel}","templated":true}]}}