{"id":188807,"date":"2011-09-10T11:52:31","date_gmt":"2011-09-10T09:52:31","guid":{"rendered":"http:\/\/www.ivg.it\/?p=188807"},"modified":"2011-09-10T11:52:31","modified_gmt":"2011-09-10T09:52:31","slug":"vado-gimkana-automobilistica-a-scopo-benefico","status":"publish","type":"post","link":"https:\/\/staging.ivg.it\/2011\/09\/vado-gimkana-automobilistica-a-scopo-benefico\/","title":{"rendered":"Vado: gimkana automobilistica a scopo benefico"},"content":{"rendered":"<p><strong>Vado L.<\/strong> Dopo il grande successo del 2\u00b0 Ferrania Motorshow, il Dagda Sport Racing Team torna ad organizzare una gimkana automobilistica domenica 18 settembre, a Vado Ligure, nel piazzale della ex Coop. <\/p>\n<p>La gimkana, che si svolger\u00e0 secondo regolamento CSAI e che prevede ricchi premi, viene organizzata in collaborazione con la Croce Rossa Italiana, che curer\u00e0 il servizio ristorazione. Ci sar\u00e0 un doppio scopo benefico, a favore della stessa Croce Rossa e dell\u2019associazione \u201cIo vinco nella ricerca\u201d, per la lotta contro la fibrosi cistica. <\/p>\n<p>Ecco il programma: ore  8 &#8211; 9,30, iscrizioni; ore 10\u201319, gimkana automobilistica. La gimkana \u00e8 aperta a tutti, purch\u00e9 in possesso di patente di guida e di tessera ACI entrambe in corso di validit\u00e0. L\u2019iscrizione all\u2019ACI si pu\u00f2 effettuare anche sul campo di gara.<\/p>\n","protected":false},"excerpt":{"rendered":"<p>Vado L. Dopo il grande successo del 2\u00b0 Ferrania Motorshow, il Dagda Sport Racing Team torna ad organizzare una gimkana automobilistica domenica 18 settembre, a Vado Ligure, nel piazzale della ex Coop. La gimkana, che si svolger\u00e0 secondo regolamento CSAI e che prevede ricchi premi, viene organizzata in collaborazione con la Croce Rossa Italiana, che [&hellip;]<\/p>\n","protected":false},"author":13744,"featured_media":0,"comment_status":"open","ping_status":"closed","sticky":false,"template":"","format":"standard","meta":{"footnotes":""},"categories":[32],"tags":[9982,261],"class_list":["post-188807","post","type-post","status-publish","format-standard","hentry","category-sport","tag-automobilismo","tag-vado","post_cat_citta-vado-ligure"],"amp_validity":null,"amp_enabled":true,"_links":{"self":[{"href":"https:\/\/staging.ivg.it\/ediapi\/wp\/v2\/posts\/188807","targetHints":{"allow":["GET"]}}],"collection":[{"href":"https:\/\/staging.ivg.it\/ediapi\/wp\/v2\/posts"}],"about":[{"href":"https:\/\/staging.ivg.it\/ediapi\/wp\/v2\/types\/post"}],"author":[{"embeddable":true,"href":"https:\/\/staging.ivg.it\/ediapi\/wp\/v2\/users\/13744"}],"replies":[{"embeddable":true,"href":"https:\/\/staging.ivg.it\/ediapi\/wp\/v2\/comments?post=188807"}],"version-history":[{"count":0,"href":"https:\/\/staging.ivg.it\/ediapi\/wp\/v2\/posts\/188807\/revisions"}],"wp:attachment":[{"href":"https:\/\/staging.ivg.it\/ediapi\/wp\/v2\/media?parent=188807"}],"wp:term":[{"taxonomy":"category","embeddable":true,"href":"https:\/\/staging.ivg.it\/ediapi\/wp\/v2\/categories?post=188807"},{"taxonomy":"post_tag","embeddable":true,"href":"https:\/\/staging.ivg.it\/ediapi\/wp\/v2\/tags?post=188807"}],"curies":[{"name":"wp","href":"https:\/\/api.w.org\/{rel}","templated":true}]}}