{"id":188668,"date":"2011-09-09T16:17:56","date_gmt":"2011-09-09T14:17:56","guid":{"rendered":"http:\/\/www.ivg.it\/?p=188668"},"modified":"2011-09-10T08:34:46","modified_gmt":"2011-09-10T06:34:46","slug":"savona-calcio-in-trasferta-a-treviso-cazzamalli-andiamo-con-entusiasmo-spiace-per-amirante","status":"publish","type":"post","link":"https:\/\/staging.ivg.it\/2011\/09\/savona-calcio-in-trasferta-a-treviso-cazzamalli-andiamo-con-entusiasmo-spiace-per-amirante\/","title":{"rendered":"Savona Calcio in trasferta a Treviso, Cazzamalli: \u201cAndiamo con entusiasmo, spiace per Amirante\u201d"},"content":{"rendered":"<p><strong>Savona<\/strong>. &#8220;Andiamo a Treviso con entusiasmo e voglia di ripeterci&#8221;. Lo dice il centrocampista biancobl\u00f9 Alessandro Cazzamalli, alla vigilia della partenza per la pianura veneta. La squadra giocher\u00e0 al comunale &#8220;Tenini&#8221; orfana di Savio Amirante, che si \u00e8 lesionato il crociato anteriore del ginocchio sinistro, infortunio per il quale dovrebbe essere operato sabato mattina.<\/p>\n<p>&#8220;Mi spiace per Amirante, si era ambientato e inserito bene nel gruppo &#8211; dice Cazzamalli &#8211; Ci mancher\u00e0 sia come persona sia come giocatore&#8221;. Sul recupero della prima punta \u00e8 presto fare previsioni, ma il percorso di riabilitazione potrebbe implicare anche mesi. C&#8217;\u00e8 anche l&#8217;ipotesi che mister Corda e la societ\u00e0 intervengano sul mercato degli svincolati, facendo preventivamente un&#8217;analisi del budget a disposizione.<\/p>\n<p>&#8220;Andiamo in trasferta sapendo che non sar\u00e0 facile, perch\u00e9 si tratta di una piazza complicata, ma \u00e8 anche una sfida incoraggiante. Abbiamo tanto da migliorare. Dal mio punto di vista sinora le prestazioni importanti, quelle pi\u00f9 evidenti, sono state positive. Qualche errore, certo, ci sta, ma siamo pronti a fare bene&#8221;. &#8220;Vediamo quanti punti porteremo a casa &#8211; conclude Cazzamalli &#8211; Abbiamo tutti voglia di fare una bella annata&#8221;.<\/p>\n","protected":false},"excerpt":{"rendered":"<p>Savona. &#8220;Andiamo a Treviso con entusiasmo e voglia di ripeterci&#8221;. Lo dice il centrocampista biancobl\u00f9 Alessandro Cazzamalli, alla vigilia della partenza per la pianura veneta. La squadra giocher\u00e0 al comunale &#8220;Tenini&#8221; orfana di Savio Amirante, che si \u00e8 lesionato il crociato anteriore del ginocchio sinistro, infortunio per il quale dovrebbe essere operato sabato mattina. &#8220;Mi [&hellip;]<\/p>\n","protected":false},"author":13744,"featured_media":0,"comment_status":"open","ping_status":"closed","sticky":false,"template":"","format":"standard","meta":{"footnotes":""},"categories":[32],"tags":[85850,86042,35913],"class_list":["post-188668","post","type-post","status-publish","format-standard","hentry","category-sport","tag-savona","tag-savona-calcio","tag-treviso","post_cat_citta-savona"],"amp_validity":null,"amp_enabled":true,"_links":{"self":[{"href":"https:\/\/staging.ivg.it\/ediapi\/wp\/v2\/posts\/188668","targetHints":{"allow":["GET"]}}],"collection":[{"href":"https:\/\/staging.ivg.it\/ediapi\/wp\/v2\/posts"}],"about":[{"href":"https:\/\/staging.ivg.it\/ediapi\/wp\/v2\/types\/post"}],"author":[{"embeddable":true,"href":"https:\/\/staging.ivg.it\/ediapi\/wp\/v2\/users\/13744"}],"replies":[{"embeddable":true,"href":"https:\/\/staging.ivg.it\/ediapi\/wp\/v2\/comments?post=188668"}],"version-history":[{"count":0,"href":"https:\/\/staging.ivg.it\/ediapi\/wp\/v2\/posts\/188668\/revisions"}],"wp:attachment":[{"href":"https:\/\/staging.ivg.it\/ediapi\/wp\/v2\/media?parent=188668"}],"wp:term":[{"taxonomy":"category","embeddable":true,"href":"https:\/\/staging.ivg.it\/ediapi\/wp\/v2\/categories?post=188668"},{"taxonomy":"post_tag","embeddable":true,"href":"https:\/\/staging.ivg.it\/ediapi\/wp\/v2\/tags?post=188668"}],"curies":[{"name":"wp","href":"https:\/\/api.w.org\/{rel}","templated":true}]}}