{"id":187536,"date":"2011-09-05T10:22:27","date_gmt":"2011-09-05T08:22:27","guid":{"rendered":"http:\/\/www.ivg.it\/?p=187536"},"modified":"2011-09-06T08:02:50","modified_gmt":"2011-09-06T06:02:50","slug":"maltempo-il-giorno-dopo-conta-dei-danni-causati-da-frane-e-allagamenti","status":"publish","type":"post","link":"https:\/\/staging.ivg.it\/2011\/09\/maltempo-il-giorno-dopo-conta-dei-danni-causati-da-frane-e-allagamenti\/","title":{"rendered":"Maltempo, il giorno dopo: conta dei danni causati da frane e allagamenti"},"content":{"rendered":"<p><strong>Orco Feglino\/Tovo S. Giacomo.<\/strong> Ecco come si presentava questa mattina il tratto di strada che collega Finale Ligure e Orco Feglino: un accumulo di detriti e fango, conseguenza del maltempo delle scorse ore. In questi minuti, i tecnici del Comune sono impegnati in un sopralluogo per le vie di Feglino per la stima dei danni e per le eventuali operazioni di messa in sicurezza da concordare. &#8220;A fine mattinata avremo un quadro pi\u00f9 preciso della situazione&#8221;, assicura il sindaco, Milena Scosseria.<\/p>\n<p>Stessa situazione a Tovo San Giacomo dove una parte dell&#8217;asfalto della provinciale 4 \u00e8 stata praticamente sollevata di circa due metri per lo scoppio di un tombino &#8220;saturo&#8221;. Ieri quel tratto di strada \u00e8 rimasto chiuso per circa due ore e poi riaperto a senso unico alternato. &#8220;Il danno \u00e8 importante &#8211; dice il primo cittadino, Alessandro Oddo &#8211; ma siamo gi\u00e0 al lavoro con l&#8217;Ufficio tecnico per contenere i problemi che riguardano in particolare i metri che portano da via Accame a piazza Umberto I. Sotto la lente di ingrandimento ci sono anche via Costino e via Madonna delle Grazie, interessate da un accumulo di fango e detriti. Per il resto tutte le strade comunali sono percorribili. Voglio ringraziare i volontari della Protezione civile, i tecnici comunali, gli uomini della polizia municipale che fino alle 23 di ieri hanno controllato da vicino la situazione insieme a me&#8221;.<\/p>\n<p>A leccarsi le ferite, oggi, sono anche Savona, la zona di Capo Noli, e alcuni Comuni del Finalese, come Calice Ligure.<\/p>\n","protected":false},"excerpt":{"rendered":"<p>Orco Feglino\/Tovo S. Giacomo. Ecco come si presentava questa mattina il tratto di strada che collega Finale Ligure e Orco Feglino: un accumulo di detriti e fango, conseguenza del maltempo delle scorse ore. In questi minuti, i tecnici del Comune sono impegnati in un sopralluogo per le vie di Feglino per la stima dei danni [&hellip;]<\/p>\n","protected":false},"author":2620,"featured_media":0,"comment_status":"open","ping_status":"closed","sticky":false,"template":"","format":"standard","meta":{"footnotes":""},"categories":[34],"tags":[3535,1380,2838,651,3269,1479],"class_list":["post-187536","post","type-post","status-publish","format-standard","hentry","category-cronaca","tag-allagamenti","tag-feglino","tag-frana","tag-maltempo","tag-pioggia","tag-tovo","post_cat_citta-finale-ligure","post_cat_citta-orco-feglino","post_cat_citta-tovo-san-giacomo"],"amp_validity":null,"amp_enabled":true,"_links":{"self":[{"href":"https:\/\/staging.ivg.it\/ediapi\/wp\/v2\/posts\/187536","targetHints":{"allow":["GET"]}}],"collection":[{"href":"https:\/\/staging.ivg.it\/ediapi\/wp\/v2\/posts"}],"about":[{"href":"https:\/\/staging.ivg.it\/ediapi\/wp\/v2\/types\/post"}],"author":[{"embeddable":true,"href":"https:\/\/staging.ivg.it\/ediapi\/wp\/v2\/users\/2620"}],"replies":[{"embeddable":true,"href":"https:\/\/staging.ivg.it\/ediapi\/wp\/v2\/comments?post=187536"}],"version-history":[{"count":0,"href":"https:\/\/staging.ivg.it\/ediapi\/wp\/v2\/posts\/187536\/revisions"}],"wp:attachment":[{"href":"https:\/\/staging.ivg.it\/ediapi\/wp\/v2\/media?parent=187536"}],"wp:term":[{"taxonomy":"category","embeddable":true,"href":"https:\/\/staging.ivg.it\/ediapi\/wp\/v2\/categories?post=187536"},{"taxonomy":"post_tag","embeddable":true,"href":"https:\/\/staging.ivg.it\/ediapi\/wp\/v2\/tags?post=187536"}],"curies":[{"name":"wp","href":"https:\/\/api.w.org\/{rel}","templated":true}]}}