{"id":187535,"date":"2011-09-05T10:20:57","date_gmt":"2011-09-05T08:20:57","guid":{"rendered":"http:\/\/www.ivg.it\/?p=187535"},"modified":"2011-09-05T18:26:13","modified_gmt":"2011-09-05T16:26:13","slug":"varazze-rivive-lincubo-maltempo-delfino-piogge-intense-ma-nessun-danno-stiamo-pianificando-interventi-con-provincia","status":"publish","type":"post","link":"https:\/\/staging.ivg.it\/2011\/09\/varazze-rivive-lincubo-maltempo-delfino-piogge-intense-ma-nessun-danno-stiamo-pianificando-interventi-con-provincia\/","title":{"rendered":"Varazze rivive l\u2019incubo maltempo, Delfino: \u201cPiogge intense ma nessun danno. Stiamo pianificando interventi con Provincia\u201d"},"content":{"rendered":"<p><strong>Varazze<\/strong>. &#8220;Certo un p\u00f2 di allarme e di paura ci sono stati vedendo le precipitazioni cos\u00ec intense, ma la situazione \u00e8 sempre stata sotto controllo&#8221;. Cos\u00ec Giovanni Delfino, sindaco di Varazze, il Comune che nell&#8217;ottobre scorso \u00e8 stato devastato da un&#8217;alluvione, racconta le sensazioni provate ieri pomeriggio, quando violente piogge si sono abbattute nel Savonese.<\/p>\n<p>&#8220;La pioggia era davvero intensa, ma, fortunatamente \u00e8 stata breve e di conseguenza non ha fatto danni. Abbiamo registrato solo qualche piccolo allagamento momentaneo ma nessun danno o disagio grave&#8221; precisa il primo cittadino.<\/p>\n<p>&#8220;E&#8217; chiaro che precipitazioni intense come quelle di ieri sono un monito a non perdere tempo ed a svolgere prima possibile gli interventi di messa in sicurezza ancora da ultimare. Noi per\u00f2 non stiamo perdendo tempo: proprio stamattina abbiamo una riunione con i tecnici della Provincia per organizzare i lavori. Abbiamo un progetto unico ma dobbiamo verificare le competenze di uno o dell&#8217;altro ente. Non appena avremo suddiviso gli interventi li realizzeremo nel pi\u00f9 breve tempo possibile: il Comune non deve essere impreparato in caso di maltempo&#8221; conclude Delfino.<\/p>\n<p>Visualizza i video del nubifragio che aveva funestato Varazze: <a href=\"http:\/\/webtv.ivg.it\/?s=nubifragio+varazze\" target=\"_blank\">clicca qui<\/a>.<\/p>\n","protected":false},"excerpt":{"rendered":"<p>Varazze. &#8220;Certo un p\u00f2 di allarme e di paura ci sono stati vedendo le precipitazioni cos\u00ec intense, ma la situazione \u00e8 sempre stata sotto controllo&#8221;. Cos\u00ec Giovanni Delfino, sindaco di Varazze, il Comune che nell&#8217;ottobre scorso \u00e8 stato devastato da un&#8217;alluvione, racconta le sensazioni provate ieri pomeriggio, quando violente piogge si sono abbattute nel Savonese. [&hellip;]<\/p>\n","protected":false},"author":2394,"featured_media":0,"comment_status":"open","ping_status":"closed","sticky":false,"template":"","format":"standard","meta":{"footnotes":""},"categories":[56,34],"tags":[7199,651,3143,85868],"class_list":["post-187535","post","type-post","status-publish","format-standard","hentry","category-altre","category-cronaca","tag-giovanni-delfino","tag-maltempo","tag-piogge","tag-varazze","post_cat_citta-varazze"],"amp_validity":null,"amp_enabled":true,"_links":{"self":[{"href":"https:\/\/staging.ivg.it\/ediapi\/wp\/v2\/posts\/187535","targetHints":{"allow":["GET"]}}],"collection":[{"href":"https:\/\/staging.ivg.it\/ediapi\/wp\/v2\/posts"}],"about":[{"href":"https:\/\/staging.ivg.it\/ediapi\/wp\/v2\/types\/post"}],"author":[{"embeddable":true,"href":"https:\/\/staging.ivg.it\/ediapi\/wp\/v2\/users\/2394"}],"replies":[{"embeddable":true,"href":"https:\/\/staging.ivg.it\/ediapi\/wp\/v2\/comments?post=187535"}],"version-history":[{"count":0,"href":"https:\/\/staging.ivg.it\/ediapi\/wp\/v2\/posts\/187535\/revisions"}],"wp:attachment":[{"href":"https:\/\/staging.ivg.it\/ediapi\/wp\/v2\/media?parent=187535"}],"wp:term":[{"taxonomy":"category","embeddable":true,"href":"https:\/\/staging.ivg.it\/ediapi\/wp\/v2\/categories?post=187535"},{"taxonomy":"post_tag","embeddable":true,"href":"https:\/\/staging.ivg.it\/ediapi\/wp\/v2\/tags?post=187535"}],"curies":[{"name":"wp","href":"https:\/\/api.w.org\/{rel}","templated":true}]}}