{"id":187305,"date":"2011-09-03T18:19:20","date_gmt":"2011-09-03T16:19:20","guid":{"rendered":"http:\/\/www.ivg.it\/?p=187305"},"modified":"2011-09-03T18:19:20","modified_gmt":"2011-09-03T16:19:20","slug":"meteo-in-arrivo-maltempo-al-nord-e-in-sardegna","status":"publish","type":"post","link":"https:\/\/staging.ivg.it\/2011\/09\/meteo-in-arrivo-maltempo-al-nord-e-in-sardegna\/","title":{"rendered":"Meteo: in arrivo maltempo al Nord e in Sardegna"},"content":{"rendered":"<p>Sono in arrivo temporali al Nord e sulla Sardegna. La Protezione civile informa che il transito di una perturbazione di origine atlantica porter\u00e0 un peggioramento delle condizioni meteorologiche, in particolare sulla Sardegna e sulle regioni settentrionali del Paese. <\/p>\n<p>Per questo il Dipartimento della Protezione Civile ha emesso un avviso di condizioni meteorologiche avverse, che prevede dalla serata di oggi precipitazioni a carattere di rovescio o temporale anche di forte intensit\u00e0 dapprima sulla Sardegna e sui settori nord-occidentali e in rapida estensione verso i settori nord-orientali. <\/p>\n<p>Le precipitazioni saranno pi\u00f9 frequenti sulle zone alpine e prealpine e saranno accompagnate da grandinate, raffiche di vento e attivit\u00e0 elettrica. Il Dipartimento della Protezione civile seguir\u00e0 l&#8217;evolversi della situazione in contatto con le prefetture, le regioni e le locali strutture di protezione civile.<\/p>\n","protected":false},"excerpt":{"rendered":"<p>Sono in arrivo temporali al Nord e sulla Sardegna. La Protezione civile informa che il transito di una perturbazione di origine atlantica porter\u00e0 un peggioramento delle condizioni meteorologiche, in particolare sulla Sardegna e sulle regioni settentrionali del Paese. Per questo il Dipartimento della Protezione Civile ha emesso un avviso di condizioni meteorologiche avverse, che prevede [&hellip;]<\/p>\n","protected":false},"author":13744,"featured_media":0,"comment_status":"open","ping_status":"closed","sticky":false,"template":"","format":"standard","meta":{"footnotes":""},"categories":[],"tags":[652,3232,418],"class_list":["post-187305","post","type-post","status-publish","format-standard","hentry","tag-meteo","tag-sardegna","tag-vacanze","post_cat_citta-andora"],"amp_validity":null,"amp_enabled":true,"_links":{"self":[{"href":"https:\/\/staging.ivg.it\/ediapi\/wp\/v2\/posts\/187305","targetHints":{"allow":["GET"]}}],"collection":[{"href":"https:\/\/staging.ivg.it\/ediapi\/wp\/v2\/posts"}],"about":[{"href":"https:\/\/staging.ivg.it\/ediapi\/wp\/v2\/types\/post"}],"author":[{"embeddable":true,"href":"https:\/\/staging.ivg.it\/ediapi\/wp\/v2\/users\/13744"}],"replies":[{"embeddable":true,"href":"https:\/\/staging.ivg.it\/ediapi\/wp\/v2\/comments?post=187305"}],"version-history":[{"count":0,"href":"https:\/\/staging.ivg.it\/ediapi\/wp\/v2\/posts\/187305\/revisions"}],"wp:attachment":[{"href":"https:\/\/staging.ivg.it\/ediapi\/wp\/v2\/media?parent=187305"}],"wp:term":[{"taxonomy":"category","embeddable":true,"href":"https:\/\/staging.ivg.it\/ediapi\/wp\/v2\/categories?post=187305"},{"taxonomy":"post_tag","embeddable":true,"href":"https:\/\/staging.ivg.it\/ediapi\/wp\/v2\/tags?post=187305"}],"curies":[{"name":"wp","href":"https:\/\/api.w.org\/{rel}","templated":true}]}}