{"id":187155,"date":"2011-09-03T09:58:50","date_gmt":"2011-09-03T07:58:50","guid":{"rendered":"http:\/\/www.ivg.it\/?p=187155"},"modified":"2011-09-04T11:59:46","modified_gmt":"2011-09-04T09:59:46","slug":"lestate-2011-chiude-in-bellezza-ancora-un-weekend-ricco-di-appuntamenti-notte-verde-ad-albenga-sup-ad-osiglia-e-tante-sagre","status":"publish","type":"post","link":"https:\/\/staging.ivg.it\/2011\/09\/lestate-2011-chiude-in-bellezza-ancora-un-weekend-ricco-di-appuntamenti-notte-verde-ad-albenga-sup-ad-osiglia-e-tante-sagre\/","title":{"rendered":"L\u2019Estate 2011 chiude in bellezza, ancora un weekend ricco di appuntamenti: Notte Verde ad Albenga, Sup ad Osiglia e tante sagre"},"content":{"rendered":"<p><strong>Riviera<\/strong>. Sull&#8217;estate 2011 sta ormai per calare il sipario e la Riviera, da Varazze ad Andora, si prepara al gran finale di stagione con tantissime proposte per il divertimento di residenti e non. Anche il primo weekend di settembre sar\u00e0 infatti ricchissimo di appuntamenti per tutti i gusti: dal teatro, alla musica, passando per sagre, mercatini e feste in piazza.<\/p>\n<p>Ai golosi non resta che l&#8217;imbarazzo della scelta per decidere dove soddisfare il loro palato: a Ranzi (Colle della Madonnina) c&#8217;\u00e8 &#8220;Birra &amp; Nostralino&#8221;, una sagra che unisce la gastronomia ligure a quella tedesca: dalle 19 (anche domenica) wurstel, Rippchen (carne di maiale), formaggi e prosciutti della Foresta Nera, birra di Offenburg, ravioli, troffie al pesto, trippa alla ligure, zemin di ceci, panissa e ravioli fritti. A seguire (stasera) musica con la cover band Discomania e poi il concerto Djset by Coc\u00f2 Diggei; a Ellera, dalle 19, sagra &#8220;Carruggi e Lanterne&#8221; e musica con The luke and the lifters; a Mioglia oggi e domani la Sagra del bollito (dalle 19) e musica con i Trilli; a Osiglia &#8220;Festivalbormida&#8221;: dalle 17 sagra con prodotti tipici valbormidesi e rassegna di gruppi musicali della valle; a Quiliano &#8220;Agrigusta Quiliano&#8221;, la trentanovesima rassegna del Buzzetto: sagra gastronomica, mercatini, giochi per bambini, musica, fiera del bestiame, esposizione di macchine agricole.<\/p>\n<p>E ancora a Vado alla Sms Baia dei Pirati di Porto Vado, a partire dalle 19, &#8220;Cena dei Pirati&#8221;: pastasciutta al pirata e al pesto, fritto misto, cozze, gamberoni, pescespada, buridda di seppie, carne alla brace, vini liguri e piemontesi (anche domenica); a Giustenice, dalle 19, in piazza Vittorio Veneto appuntamento con &#8220;Mangia sutta a ciassa&#8221;, sagra di prodotti tipici locali: ravioli, porchetta, panizza, salsiccia, torte verdi, focaccine, trippa, buridda (fino a domenica); a Boissano in piazza della chiesa, dalle 19, la &#8220;Polentata di fine stagione&#8221;: polenta con salsiccia, cinghiale e funghi, formaggi, carni alla brace, primi piatti, vini liguri e musica con orchestre (anche domenica); a Ceriale la &#8220;Sagra dei Turchi&#8221; a Pegna nell\u2019ambito della rassegna dei Libri di Liguria; a Casanova &#8220;Festa di Sant\u2019Antonino&#8221;, sagra gastronomica (fino a domenica).<\/p>\n<p>Per chi vuole trovare nello stesso tempo musica, cibo e spettacolo l&#8217;appuntamento \u00e8 ad Albenga con la sua &#8220;Notte Verde&#8221;, la serata che animer\u00e0 la citt\u00e0 dalle otto di sera di stasera alla prima mattina del giorno successivo, nel centro storico e in alcune arterie principali, e che vedr\u00e0, come guest star, sul palco di piazza del Popolo, la celebre cantante, attrice, presentatrice televisiva Cristina D\u2019Avena, amata da grandi e piccini per il suo talento canoro, ma anche e soprattutto perch\u00e9 \u201cvoce\u201d delle sigle dei pi\u00f9 famosi cartoni animati trasmessi in Italia negli anni \u201980, \u201990 e 2000. Preceduta da un\u2019esibizione d\u2019apertura del talentuoso cantautore pugliese Beppe Stanco, finalista a Sanremo Giovani 2006 e vincitore di numerosi premi canori nazionali, che inizier\u00e0 a scaldare l\u2019atmosfera, Cristina D\u2019Avena si esibir\u00e0 in uno spettacolo in cui sar\u00e0 possibile apprezzare una parte del suo immenso repertorio, in cui i grandi classici si alterneranno a nuove produzioni. Il programma della Notte Verde prevede: dalle 20 spazio alla solidariet\u00e0 e allo spettacolo, alle 20,30 inaugurazione conb la baby dance, a seguire eventi e musica per tutte le et\u00e0. A Palazzo Oddo sar\u00e0 possibile visitare le mostre tra cui la personale di pittura e poesia di Annamaria Garavoglia.<\/p>\n<p>Per gli appassionati della musica appuntamenti ad: Albisola dove, stasera, alle 21, nella piazza antistante la chiesa di San Nicol\u00f2, ci sar\u00e0 uno spettacolo di musica, canto e ballo flamenco con il Mediterranea Trio; a Savona, oggi alle 14,30, al Campus universitario di Legino, spettacolo &#8220;Il condominio di Norma&#8221;, organizzato dall\u2019associazione A Cielo Aperto di Finale Ligure nell\u2019ambito del convegno internazionale &#8220;Vivere con le voci: percorsi verso la guarigione&#8221;; a Bergeggi &#8220;Musica in grotta&#8221;: alle 21,15, alla Grotta della Galleria del Treno, concerto di Marco Galvagno, chitarra e flamenco (ingresso libero ma prenotazione obbligatoria); a Spotorno protagonista il jazz con &#8220;Spotorno in jazz&#8221;: alle 21,30, in piazza della Vittoria, concerto del Riviera Syncopators Jazz Friends e musica itinerante con la Equipage Ambassador Dixie &amp; Street Parade diretta da Leo Lagorio; a Noli, alle 21, all\u2019Oratorio di Sant\u2019Anna, &#8220;Culturestate&#8221;: incontri con l\u2019autore che avranno come ospite Jessica Barbiero che presenta la tesi di laurea &#8220;Edonismo e pragmatismo: storia di un mito targato Fiat. La 500&#8221; a cura dell\u2019associazione culturale Sant\u2019Antonio; ad Alassio, dalle 18 alle 23, in piazzetta Arenella, mostra del concorso di pittura estemporanea &#8220;Borgo d\u2019argento&#8221; in memoria di Nello Aicardi e premiazioni, ma anche &#8220;Mercatino femminile&#8221; al Borgo Passo, esposizione di oggetti di artigianato (dalle 18 alle 23); a Loano nell\u2019Oratorio Nostra Signora del SS. Rosario, concerto &#8220;Ave Maria. Affetti nella musica sacra del Seicento&#8221;, con il soprano Claudine Ansermet accompagnato all\u2019arciliuto da Paolo Cherici. Sempre a Loano, alle 21,30, al Giardino del Principe, &#8220;Top Festival 2011&#8221;, esibizioni e premiazioni dei talenti musicali che si sono messi in luce a festival e concorsi nazionali.<\/p>\n<p>Per chi ama la natura e lo sport invece l&#8217;evento clou \u00e8 ad Osiglia dove, domani, sar\u00e0 protagonista il Sup, ovvero Stand Up Paddle, che trova ora la sua collocazione stabile sul lago valbormidese, dove si candida a disciplina praticabile per tutto l&#8217;anno. L&#8217;appuntamento per appassionati e curiosi \u00e8 con una gara-raduno che si svilupper\u00e0 su un percorso di due chilometri e mezzo, nello scenario naturalistico del bacino osigliese. &#8220;Into the Lake 2.5 &#8211; Vieni a provare l&#8217;emozione dello Stand Up Paddle&#8221; \u00e8 il titolo dell&#8217;iniziativa che mette in palio premi degli sponsor ad estrazione, tra i quali pagaie Naish professionali, e trofei per i primi arrivati di ogni categoria.<\/p>\n<p>Per gli amanti dei mercatini appuntamenti a: Loano, dalle 21, alle 24, in piazza Massena, con &#8220;Artigianalmente mestieri in piazza&#8221;, mercatino dell\u2019artigianato e degli artisti; e Albissola Mare con il &#8220;Mercatino di artigianato e hobbistica nelle vie del centro e sulla passeggiata degli artisti (fino domenica); a Finale, dalle 9 alle 22, nelle vie e nelle piazze all\u2019interno delle mura, mercatino di antiquariato.<\/p>\n<p>A Pietra appuntamento dedicato ai pi\u00f9 piccoli con &#8220;Bim Bin Gio Co&#8221;: alle 21, in piazza San Nicol\u00f2, festa con musica e animazione &#8220;Dischi e discoli&#8221;. A Borghetto \u00e8 visitabile fino al 18 settembre a Palazzo Pietracaprina la mostra &#8220;Progetto Alice&#8221; dell\u2019illustratrice Chiara Carrer. A Borgio Verezzi, nei locali di via del Salto, mostra di pittura di Maria Lina Puppo (fino al 10 settembre).<\/p>\n","protected":false},"excerpt":{"rendered":"<p>Riviera. Sull&#8217;estate 2011 sta ormai per calare il sipario e la Riviera, da Varazze ad Andora, si prepara al gran finale di stagione con tantissime proposte per il divertimento di residenti e non. Anche il primo weekend di settembre sar\u00e0 infatti ricchissimo di appuntamenti per tutti i gusti: dal teatro, alla musica, passando per sagre, [&hellip;]<\/p>\n","protected":false},"author":13744,"featured_media":0,"comment_status":"open","ping_status":"closed","sticky":false,"template":"","format":"standard","meta":{"footnotes":""},"categories":[56],"tags":[85824,85841,85980,35816,85935,670,86026,4444],"class_list":["post-187155","post","type-post","status-publish","format-standard","hentry","category-altre","tag-alassio","tag-albenga","tag-eventi","tag-eventi-weekend","tag-osiglia","tag-pietra","tag-riviera","tag-sagre","post_cat_citta-alassio","post_cat_citta-albenga","post_cat_citta-albisola-superiore","post_cat_citta-loano","post_cat_citta-osiglia","post_cat_citta-pietra-ligure","post_cat_citta-quiliano","post_cat_citta-savona"],"amp_validity":null,"amp_enabled":true,"_links":{"self":[{"href":"https:\/\/staging.ivg.it\/ediapi\/wp\/v2\/posts\/187155","targetHints":{"allow":["GET"]}}],"collection":[{"href":"https:\/\/staging.ivg.it\/ediapi\/wp\/v2\/posts"}],"about":[{"href":"https:\/\/staging.ivg.it\/ediapi\/wp\/v2\/types\/post"}],"author":[{"embeddable":true,"href":"https:\/\/staging.ivg.it\/ediapi\/wp\/v2\/users\/13744"}],"replies":[{"embeddable":true,"href":"https:\/\/staging.ivg.it\/ediapi\/wp\/v2\/comments?post=187155"}],"version-history":[{"count":0,"href":"https:\/\/staging.ivg.it\/ediapi\/wp\/v2\/posts\/187155\/revisions"}],"wp:attachment":[{"href":"https:\/\/staging.ivg.it\/ediapi\/wp\/v2\/media?parent=187155"}],"wp:term":[{"taxonomy":"category","embeddable":true,"href":"https:\/\/staging.ivg.it\/ediapi\/wp\/v2\/categories?post=187155"},{"taxonomy":"post_tag","embeddable":true,"href":"https:\/\/staging.ivg.it\/ediapi\/wp\/v2\/tags?post=187155"}],"curies":[{"name":"wp","href":"https:\/\/api.w.org\/{rel}","templated":true}]}}